{"id":53802,"date":"2018-06-09T20:50:47","date_gmt":"2018-06-09T23:50:47","guid":{"rendered":"http:\/\/caririemacao.com\/1\/?p=53802"},"modified":"2018-06-09T20:50:47","modified_gmt":"2018-06-09T23:50:47","slug":"pt-quer-gravar-programas-eleitorais-de-lula-dentro-da-cadeia","status":"publish","type":"post","link":"https:\/\/www.caririemacao.com\/1\/2018\/06\/09\/pt-quer-gravar-programas-eleitorais-de-lula-dentro-da-cadeia\/","title":{"rendered":"PT quer gravar programas eleitorais de Lula dentro da cadeia"},"content":{"rendered":"<p><span class=\"news_capital_letter\">A\u00a0<\/span>defesa do ex-presidente Luiz In\u00e1cio Lula da Silva solicitou \u00e0 Justi\u00e7a, na \u00faltima segunda-feira (4), autoriza\u00e7\u00e3o para gravar a campanha eleitoral do petista dentro da sede da Superintend\u00eancia da PF, em Curitiba.<\/p>\n<p>Como divulgado pela Revista Veja neste s\u00e1bado (9), a ideia \u00e9 transformar a cela de 15 metros quadrados, onde Lula est\u00e1 preso deste o dia 7 de abril, em um est\u00fadio improvisado.<\/p>\n<p>Nessa sexta-feira (8), o\u00a0PT realizou um ato em Contagem (MG) para marcar o lan\u00e7amento da pr\u00e9-candidatura de Lula \u00e0s elei\u00e7\u00f5es<\/p>\n<p><strong>CARIRI EM A\u00c7\u00c3O<\/strong><\/p>\n<p>Com Noticia ao minuto\/Foto:\u00a0Ricardo Stuckert<\/p>\n<p>Leia mais not\u00edcias em\u00a0<a href=\"http:\/\/www.caririemacao.com\/\">caririemacao.com<\/a>, siga nossa p\u00e1gina no\u00a0<a href=\"https:\/\/www.facebook.com\/CaririEmAcao\/?ref=aymt_homepage_panel\">Facebook<\/a>,\u00a0<a href=\"https:\/\/www.instagram.com\/cariri_em_acao\/?hl=pt-br\">Instagram<\/a>\u00a0e\u00a0<a href=\"https:\/\/www.youtube.com\/channel\/UCAptA0jQuYQy8vMhLt2m4qg\">Youtube<\/a>\u00a0e veja nossas mat\u00e9rias, v\u00eddeos e fotos. Voc\u00ea tamb\u00e9m pode enviar informa\u00e7\u00f5es \u00e0 Reda\u00e7\u00e3o do Portal Cariri em A\u00e7\u00e3o pelo WhatsApp (83) 9 9634.5791, (83) 9 9601-1162.<\/p>\n<p>.<\/p>\n","protected":false},"excerpt":{"rendered":"<p>A\u00a0defesa do ex-presidente Luiz In\u00e1cio Lula da Silva solicitou \u00e0 Justi\u00e7a, na \u00faltima segunda-feira (4), autoriza\u00e7\u00e3o para gravar a campanha eleitoral do petista dentro da&hellip; <\/p>\n","protected":false},"author":2,"featured_media":53803,"comment_status":"closed","ping_status":"closed","sticky":false,"template":"","format":"standard","meta":{"sfsi_plus_gutenberg_text_before_share":"","sfsi_plus_gutenberg_show_text_before_share":"","sfsi_plus_gutenberg_icon_type":"","sfsi_plus_gutenberg_icon_alignemt":"","sfsi_plus_gutenburg_max_per_row":"","footnotes":""},"categories":[11],"tags":[],"class_list":["post-53802","post","type-post","status-publish","format-standard","has-post-thumbnail","hentry","category-politica"],"_links":{"self":[{"href":"https:\/\/www.caririemacao.com\/1\/wp-json\/wp\/v2\/posts\/53802","targetHints":{"allow":["GET"]}}],"collection":[{"href":"https:\/\/www.caririemacao.com\/1\/wp-json\/wp\/v2\/posts"}],"about":[{"href":"https:\/\/www.caririemacao.com\/1\/wp-json\/wp\/v2\/types\/post"}],"author":[{"embeddable":true,"href":"https:\/\/www.caririemacao.com\/1\/wp-json\/wp\/v2\/users\/2"}],"replies":[{"embeddable":true,"href":"https:\/\/www.caririemacao.com\/1\/wp-json\/wp\/v2\/comments?post=53802"}],"version-history":[{"count":0,"href":"https:\/\/www.caririemacao.com\/1\/wp-json\/wp\/v2\/posts\/53802\/revisions"}],"wp:featuredmedia":[{"embeddable":true,"href":"https:\/\/www.caririemacao.com\/1\/wp-json\/wp\/v2\/media\/53803"}],"wp:attachment":[{"href":"https:\/\/www.caririemacao.com\/1\/wp-json\/wp\/v2\/media?parent=53802"}],"wp:term":[{"taxonomy":"category","embeddable":true,"href":"https:\/\/www.caririemacao.com\/1\/wp-json\/wp\/v2\/categories?post=53802"},{"taxonomy":"post_tag","embeddable":true,"href":"https:\/\/www.caririemacao.com\/1\/wp-json\/wp\/v2\/tags?post=53802"}],"curies":[{"name":"wp","href":"https:\/\/api.w.org\/{rel}","templated":true}]}}