{"id":53805,"date":"2018-06-09T20:53:04","date_gmt":"2018-06-09T23:53:04","guid":{"rendered":"http:\/\/caririemacao.com\/1\/?p=53805"},"modified":"2018-06-09T20:53:04","modified_gmt":"2018-06-09T23:53:04","slug":"magno-malta-diz-a-bolsonaro-que-nao-sera-seu-vice","status":"publish","type":"post","link":"https:\/\/www.caririemacao.com\/1\/2018\/06\/09\/magno-malta-diz-a-bolsonaro-que-nao-sera-seu-vice\/","title":{"rendered":"Magno Malta diz a Bolsonaro que n\u00e3o ser\u00e1 seu vice"},"content":{"rendered":"<p><span class=\"news_capital_letter\">O\u00a0<\/span>senador Magno Malta (PR-ES) avisou ao deputado federal Jair Bolsonaro (RJ), pr\u00e9-candidato do PSL \u00e0 Presid\u00eancia da Rep\u00fablica, que n\u00e3o topa ser candidato a vice na sua chapa. O aviso inviabiliza de vez a estrat\u00e9gia de Bolsonaro de fechar uma alian\u00e7a com o PR para aumentar seu tempo na propaganda de TV.<\/p>\n<p>&#8220;Sou candidato a senador&#8221;, afirmou Malta ao jornal O Estado de S. Paulo. O parlamentar capixaba era visto como o vice ideal pelo grupo pol\u00edtico de Bolsonaro por ter o perfil ligado \u00e0 direita e a grupos conservadores que s\u00e3o a sustenta\u00e7\u00e3o do deputado do PSL.<\/p>\n<p>O Estado apurou que um dos motivos que levaram Malta a n\u00e3o aceitar compor a chapa com o parlamentar fluminense foi o fato de sua mulher n\u00e3o querer disputar o Senado em seu lugar nas elei\u00e7\u00f5es deste ano. A cantora gospel Lauriete Rodrigues Malta (PR-ES) lan\u00e7ou sua pr\u00e9-candidatura para deputado federal, cargo que j\u00e1 ocupou entre 2011 e 2014.<\/p>\n<p>Se entrasse na chapa, o PR poderia agregar cerca de 45 segundos ao tempo de Bolsonaro. Sozinho pelo PSL, ele teria menos de 10 segundos. Com a desist\u00eancia de Malta, a aproxima\u00e7\u00e3o entre Bolsonaro e o PR, que j\u00e1 estava amea\u00e7ada ap\u00f3s o empres\u00e1rio mineiro Josu\u00e9 Gomes, dono da Coteminas, se filiar \u00e0 legenda, ficou inviabilizada.<\/p>\n<p>Filho do ex-vice-presidente Jos\u00e9 Alencar, Josu\u00e9 \u00e9 um dos nomes cotados para ser candidato ao Pal\u00e1cio do Planalto apoiado por uma alian\u00e7a de centro. As negocia\u00e7\u00f5es para essa coliga\u00e7\u00e3o est\u00e3o sendo comandadas pelo presidente da C\u00e2mara dos Deputados, Rodrigo Maia (DEM-RJ), e envolvem PP, PRB e Solidariedade. Ele tamb\u00e9m \u00e9 cotado para ser vice na chapa do PT encabe\u00e7ada pelo ex-presidente Luiz In\u00e1cio Lula da Silva, condenado e preso na Opera\u00e7\u00e3o Lava Jato.<\/p>\n<p>Sem uma alian\u00e7a com o PR, Bolsonaro passou a procurar um vice no PSL e em outros partidos de menor express\u00e3o. Uma das alternativas para a vaga \u00e9 o general do Ex\u00e9rcito Augusto Heleno (PRP-DF), que comandou as tropas brasileiras no Haiti.<\/p>\n<p>O deputado tamb\u00e9m j\u00e1 avaliou o nome da advogada paulista Janaina Paschoal (PSL), uma das autoras do pedido do pedido de impeachment da presidente cassada Dilma Rousseff (PT). Contudo, a advogada declinou da proposta.<\/p>\n<p><strong>Palanques<\/strong><\/p>\n<p>Correligion\u00e1rios de Bolsonaro tamb\u00e9m t\u00eam procurado outros partidos para garantir palanques nos Estados para o deputado. As possibilidades de alian\u00e7as incluem legendas como MDB, PP, DEM, PSD e PRP. O Estado mostrou anteontem que uma das alternativas seria o apoio ao presidente licenciado da Federa\u00e7\u00e3o das Ind\u00fastrias do Estado de S\u00e3o Paulo (Fiesp), Paulo Skaf, que \u00e9 pr\u00e9-candidato ao governo paulista pelo MDB.<\/p>\n<p>O PSL n\u00e3o sabe ainda ao certo quantos candidatos a governador ter\u00e1 pelo Pa\u00eds. Por enquanto, d\u00e1 como certas apenas candidaturas pr\u00f3prias em pequenos col\u00e9gios eleitorais. Bolsonaro n\u00e3o indicou quem pode apoiar no Rio, seu reduto eleitoral. O partido aposta na candidatura de um dos filhos do presidenci\u00e1vel ao Senado, o deputado estadual Fl\u00e1vio Bolsonaro, como ponto de apoio no Estado para campanha presidencial. A possibilidade de indicar um militar \u00e0 disputa tamb\u00e9m \u00e9 avaliada.<\/p>\n<p><strong>CARIRI EM A\u00c7\u00c3O<\/strong><\/p>\n<p>Com Estad\u00e3o Conte\u00fado\/Foto: Reprodu\u00e7\u00e3o Internet<\/p>\n<p>Leia mais not\u00edcias em\u00a0<a href=\"http:\/\/www.caririemacao.com\/\">caririemacao.com<\/a>, siga nossa p\u00e1gina no\u00a0<a href=\"https:\/\/www.facebook.com\/CaririEmAcao\/?ref=aymt_homepage_panel\">Facebook<\/a>,\u00a0<a href=\"https:\/\/www.instagram.com\/cariri_em_acao\/?hl=pt-br\">Instagram<\/a>\u00a0e\u00a0<a href=\"https:\/\/www.youtube.com\/channel\/UCAptA0jQuYQy8vMhLt2m4qg\">Youtube<\/a>\u00a0e veja nossas mat\u00e9rias, v\u00eddeos e fotos. Voc\u00ea tamb\u00e9m pode enviar informa\u00e7\u00f5es \u00e0 Reda\u00e7\u00e3o do Portal Cariri em A\u00e7\u00e3o pelo WhatsApp (83) 9 9634.5791, (83) 9 9601-1162.<\/p>\n","protected":false},"excerpt":{"rendered":"<p>O\u00a0senador Magno Malta (PR-ES) avisou ao deputado federal Jair Bolsonaro (RJ), pr\u00e9-candidato do PSL \u00e0 Presid\u00eancia da Rep\u00fablica, que n\u00e3o topa ser candidato a vice&hellip; <\/p>\n","protected":false},"author":2,"featured_media":53806,"comment_status":"closed","ping_status":"closed","sticky":false,"template":"","format":"standard","meta":{"sfsi_plus_gutenberg_text_before_share":"","sfsi_plus_gutenberg_show_text_before_share":"","sfsi_plus_gutenberg_icon_type":"","sfsi_plus_gutenberg_icon_alignemt":"","sfsi_plus_gutenburg_max_per_row":"","footnotes":""},"categories":[11],"tags":[],"class_list":["post-53805","post","type-post","status-publish","format-standard","has-post-thumbnail","hentry","category-politica"],"_links":{"self":[{"href":"https:\/\/www.caririemacao.com\/1\/wp-json\/wp\/v2\/posts\/53805","targetHints":{"allow":["GET"]}}],"collection":[{"href":"https:\/\/www.caririemacao.com\/1\/wp-json\/wp\/v2\/posts"}],"about":[{"href":"https:\/\/www.caririemacao.com\/1\/wp-json\/wp\/v2\/types\/post"}],"author":[{"embeddable":true,"href":"https:\/\/www.caririemacao.com\/1\/wp-json\/wp\/v2\/users\/2"}],"replies":[{"embeddable":true,"href":"https:\/\/www.caririemacao.com\/1\/wp-json\/wp\/v2\/comments?post=53805"}],"version-history":[{"count":0,"href":"https:\/\/www.caririemacao.com\/1\/wp-json\/wp\/v2\/posts\/53805\/revisions"}],"wp:featuredmedia":[{"embeddable":true,"href":"https:\/\/www.caririemacao.com\/1\/wp-json\/wp\/v2\/media\/53806"}],"wp:attachment":[{"href":"https:\/\/www.caririemacao.com\/1\/wp-json\/wp\/v2\/media?parent=53805"}],"wp:term":[{"taxonomy":"category","embeddable":true,"href":"https:\/\/www.caririemacao.com\/1\/wp-json\/wp\/v2\/categories?post=53805"},{"taxonomy":"post_tag","embeddable":true,"href":"https:\/\/www.caririemacao.com\/1\/wp-json\/wp\/v2\/tags?post=53805"}],"curies":[{"name":"wp","href":"https:\/\/api.w.org\/{rel}","templated":true}]}}