{"id":53811,"date":"2018-06-09T21:00:32","date_gmt":"2018-06-10T00:00:32","guid":{"rendered":"http:\/\/caririemacao.com\/1\/?p=53811"},"modified":"2018-06-09T21:00:32","modified_gmt":"2018-06-10T00:00:32","slug":"na-1a-semana-apos-acordo-diesel-cai-menos-do-que-o-prometido","status":"publish","type":"post","link":"https:\/\/www.caririemacao.com\/1\/2018\/06\/09\/na-1a-semana-apos-acordo-diesel-cai-menos-do-que-o-prometido\/","title":{"rendered":"Na 1\u00aa semana ap\u00f3s acordo, diesel cai menos do que o prometido"},"content":{"rendered":"<p><span class=\"news_capital_letter\">N<\/span>a primeira semana ap\u00f3s o acordo para encerrar a greve dos caminhoneiros, o pre\u00e7o do diesel ficou, em m\u00e9dia no pa\u00eds, em R$ 3,482 por litro. O valor representa uma queda de R$ 0,346 por litro com rela\u00e7\u00e3o ao verificado na semana anterior. O valor \u00e9 menor do que os R$ 0,46 por litro prometidos pelo governo em acordo que p\u00f4s fim \u00e0 greve dos caminhoneiros.<\/p>\n<p>Na compara\u00e7\u00e3o com o pre\u00e7o vigente antes da disparada provocada pela crise de abastecimento gerada pela greve dos caminhoneiros, a redu\u00e7\u00e3o \u00e9 ainda menor, de apenas R$ 0,113 por litro.Nas duas semanas de greve, apesar de a Petrobras ter congelado o valor de venda do combust\u00edvel em suas refinarias, o pre\u00e7o m\u00e9dio do diesel no pa\u00eds saltou de R$ 3,585 para R$ 3,828 por litro.<\/p>\n<p>De acordo com dados da ANP (Ag\u00eancia Nacional do Petr\u00f3leo, G\u00e1s e Biocombust\u00edveis) a redu\u00e7\u00e3o de pre\u00e7os foi menor que a esperada tanto nas bombas quanto no valor de venda das distribuidoras.\u00a0Esta semana, elas venderam o combust\u00edvel aos postos por R$ 3,154 por litro, R$ 0,292 a menos do que na semana anterior e apenas R$ 0,103 a menos do que antes da greve dos caminhoneiros.<\/p>\n<p>Para p\u00f4r fim \u00e0 greve, o governo prometeu redu\u00e7\u00e3o de R$ 0,46 por litro, que ser\u00e1 obtida por meio de subven\u00e7\u00e3o a produtores e importadores e corte de impostos, que custar\u00e3o ao Tesouro R$ 13,6 bilh\u00f5es.Esta semana, por\u00e9m, reconheceu que em um primeiro momento a queda chegaria at\u00e9 R$ 0,41 por litro. O restante dependeria tamb\u00e9m de cortes no pre\u00e7o de refer\u00eancia para o c\u00e1lculo do ICMS.<\/p>\n<p>&#8220;O 46 n\u00e3o \u00e9 imediato. O 46 depende do estoque que tinha o posto e depende tamb\u00e9m do pre\u00e7o m\u00e9dio no estado, que varia&#8221;, afirmou na quarta (6) o ministro da Casa Civil, Eliseu Padilha.Para garantir que o repasse seja integral \u00e0s bombas, o governo disse que usaria poder de pol\u00edcia, declara\u00e7\u00e3o que foi criticada pelas distribuidoras de combust\u00edveis. Durante a semana, entidades ligadas \u00e0 distribui\u00e7\u00e3o e revenda prometeram repasse integral dos descontos.<\/p>\n<p>GASOLINA<\/p>\n<p>De acordo com a ANP, o pre\u00e7o da gasolina se manteve est\u00e1vel em rela\u00e7\u00e3o \u00e0 semana anterior, quando, a exemplo do diesel, tamb\u00e9m estava pressionado pela escassez do produto nos postos.Essa semana, a gasolina foi vendida, em m\u00e9dia, a R$ 4,603 por litro, R$ 0,319 a mais do que o valor vigente antes da greve dos petroleiros.<\/p>\n<p>J\u00e1 o pre\u00e7o do botij\u00e3o de g\u00e1s come\u00e7ou a ceder, depois da alta verificada durante a greve. O pre\u00e7o m\u00e9dio esta semana, R$ 68,97, \u00e9 R$ 1,64 menor do que na semana anterior, mas ainda R$ 2 mais caro do que antes da paralisa\u00e7\u00e3o. Com informa\u00e7\u00f5es da Folhapress.<\/p>\n<p><strong>CARIRI EM A\u00c7\u00c3O<\/strong><\/p>\n<p>Com Folhapress\/Foto: Reprodu\u00e7\u00e3o google<\/p>\n<p>Leia mais not\u00edcias em\u00a0<a href=\"http:\/\/www.caririemacao.com\/\">caririemacao.com<\/a>, siga nossa p\u00e1gina no\u00a0<a href=\"https:\/\/www.facebook.com\/CaririEmAcao\/?ref=aymt_homepage_panel\">Facebook<\/a>,\u00a0<a href=\"https:\/\/www.instagram.com\/cariri_em_acao\/?hl=pt-br\">Instagram<\/a>\u00a0e\u00a0<a href=\"https:\/\/www.youtube.com\/channel\/UCAptA0jQuYQy8vMhLt2m4qg\">Youtube<\/a>\u00a0e veja nossas mat\u00e9rias, v\u00eddeos e fotos. Voc\u00ea tamb\u00e9m pode enviar informa\u00e7\u00f5es \u00e0 Reda\u00e7\u00e3o do Portal Cariri em A\u00e7\u00e3o pelo WhatsApp (83) 9 9634.5791, (83) 9 9601-1162.<\/p>\n","protected":false},"excerpt":{"rendered":"<p>Na primeira semana ap\u00f3s o acordo para encerrar a greve dos caminhoneiros, o pre\u00e7o do diesel ficou, em m\u00e9dia no pa\u00eds, em R$ 3,482 por&hellip; <\/p>\n","protected":false},"author":2,"featured_media":53812,"comment_status":"closed","ping_status":"closed","sticky":false,"template":"","format":"standard","meta":{"sfsi_plus_gutenberg_text_before_share":"","sfsi_plus_gutenberg_show_text_before_share":"","sfsi_plus_gutenberg_icon_type":"","sfsi_plus_gutenberg_icon_alignemt":"","sfsi_plus_gutenburg_max_per_row":"","footnotes":""},"categories":[2],"tags":[],"class_list":["post-53811","post","type-post","status-publish","format-standard","has-post-thumbnail","hentry","category-geral"],"_links":{"self":[{"href":"https:\/\/www.caririemacao.com\/1\/wp-json\/wp\/v2\/posts\/53811","targetHints":{"allow":["GET"]}}],"collection":[{"href":"https:\/\/www.caririemacao.com\/1\/wp-json\/wp\/v2\/posts"}],"about":[{"href":"https:\/\/www.caririemacao.com\/1\/wp-json\/wp\/v2\/types\/post"}],"author":[{"embeddable":true,"href":"https:\/\/www.caririemacao.com\/1\/wp-json\/wp\/v2\/users\/2"}],"replies":[{"embeddable":true,"href":"https:\/\/www.caririemacao.com\/1\/wp-json\/wp\/v2\/comments?post=53811"}],"version-history":[{"count":0,"href":"https:\/\/www.caririemacao.com\/1\/wp-json\/wp\/v2\/posts\/53811\/revisions"}],"wp:featuredmedia":[{"embeddable":true,"href":"https:\/\/www.caririemacao.com\/1\/wp-json\/wp\/v2\/media\/53812"}],"wp:attachment":[{"href":"https:\/\/www.caririemacao.com\/1\/wp-json\/wp\/v2\/media?parent=53811"}],"wp:term":[{"taxonomy":"category","embeddable":true,"href":"https:\/\/www.caririemacao.com\/1\/wp-json\/wp\/v2\/categories?post=53811"},{"taxonomy":"post_tag","embeddable":true,"href":"https:\/\/www.caririemacao.com\/1\/wp-json\/wp\/v2\/tags?post=53811"}],"curies":[{"name":"wp","href":"https:\/\/api.w.org\/{rel}","templated":true}]}}