{"id":53814,"date":"2018-06-09T21:04:25","date_gmt":"2018-06-10T00:04:25","guid":{"rendered":"http:\/\/caririemacao.com\/1\/?p=53814"},"modified":"2018-06-09T21:04:25","modified_gmt":"2018-06-10T00:04:25","slug":"entra-em-vigor-a-partir-de-hoje-suspensao-de-31-planos-de-saude","status":"publish","type":"post","link":"https:\/\/www.caririemacao.com\/1\/2018\/06\/09\/entra-em-vigor-a-partir-de-hoje-suspensao-de-31-planos-de-saude\/","title":{"rendered":"Entra em vigor a partir de hoje suspens\u00e3o de 31 planos de sa\u00fade"},"content":{"rendered":"<p>A partir desta sexta-feira (8), 12 operadoras de sa\u00fade suplementar est\u00e3o proibidas de comercializar 31 planos de sa\u00fade. A decis\u00e3o foi tomada pela Ag\u00eancia Nacional de Sa\u00fade Suplementar (ANS), com base em reclama\u00e7\u00f5es recebidas pelo Programa de Monitoramento da Garantia de Atendimento da ag\u00eancia reguladora, durante o primeiro trimestre deste ano.<\/p>\n<p>Os planos atendem a 115,9 mil benefici\u00e1rios, que n\u00e3o ser\u00e3o afetados pela medida, uma vez que os planos s\u00e3o obrigados a manter a assist\u00eancia aos clientes. A decis\u00e3o da ANS pro\u00edbe apenas a venda para novos clientes.<\/p>\n<p>A suspens\u00e3o \u00e9 tempor\u00e1ria e pode ser revertida se as operadoras comprovarem melhoria no atendimento. Trinta e tr\u00eas planos de 16 operadoras, que haviam sido suspensos anteriormente, por exemplo, ser\u00e3o reativados a partir de sexta-feira.<\/p>\n<p>A ANS analisou aproximadamente 14 mil reclama\u00e7\u00f5es, das quais a maioria (39,53%) de queixas por quest\u00f5es gerenciais, como autoriza\u00e7\u00e3o pr\u00e9via, franquia e coparticipa\u00e7\u00e3o.<\/p>\n<p>Houve ainda reclama\u00e7\u00f5es de problemas relacionados ao rol de procedimentos e coberturas (15,85%) e prazos m\u00e1ximos para atendimento (15,04%).<\/p>\n<p><strong>CARIRI EM A\u00c7\u00c3O<\/strong><\/p>\n<p>Com Ag\u00eancia Brasil\/Foto: Reprodu\u00e7\u00e3o google<\/p>\n<p>Leia mais not\u00edcias em\u00a0<a href=\"http:\/\/www.caririemacao.com\/\">caririemacao.com<\/a>, siga nossa p\u00e1gina no\u00a0<a href=\"https:\/\/www.facebook.com\/CaririEmAcao\/?ref=aymt_homepage_panel\">Facebook<\/a>,\u00a0<a href=\"https:\/\/www.instagram.com\/cariri_em_acao\/?hl=pt-br\">Instagram<\/a>\u00a0e\u00a0<a href=\"https:\/\/www.youtube.com\/channel\/UCAptA0jQuYQy8vMhLt2m4qg\">Youtube<\/a>\u00a0e veja nossas mat\u00e9rias, v\u00eddeos e fotos. Voc\u00ea tamb\u00e9m pode enviar informa\u00e7\u00f5es \u00e0 Reda\u00e7\u00e3o do Portal Cariri em A\u00e7\u00e3o pelo WhatsApp (83) 9 9634.5791, (83) 9 9601-1162.<\/p>\n","protected":false},"excerpt":{"rendered":"<p>A partir desta sexta-feira (8), 12 operadoras de sa\u00fade suplementar est\u00e3o proibidas de comercializar 31 planos de sa\u00fade. A decis\u00e3o foi tomada pela Ag\u00eancia Nacional&hellip; <\/p>\n","protected":false},"author":2,"featured_media":53815,"comment_status":"closed","ping_status":"closed","sticky":false,"template":"","format":"standard","meta":{"sfsi_plus_gutenberg_text_before_share":"","sfsi_plus_gutenberg_show_text_before_share":"","sfsi_plus_gutenberg_icon_type":"","sfsi_plus_gutenberg_icon_alignemt":"","sfsi_plus_gutenburg_max_per_row":"","footnotes":""},"categories":[16],"tags":[],"class_list":["post-53814","post","type-post","status-publish","format-standard","has-post-thumbnail","hentry","category-saude"],"_links":{"self":[{"href":"https:\/\/www.caririemacao.com\/1\/wp-json\/wp\/v2\/posts\/53814","targetHints":{"allow":["GET"]}}],"collection":[{"href":"https:\/\/www.caririemacao.com\/1\/wp-json\/wp\/v2\/posts"}],"about":[{"href":"https:\/\/www.caririemacao.com\/1\/wp-json\/wp\/v2\/types\/post"}],"author":[{"embeddable":true,"href":"https:\/\/www.caririemacao.com\/1\/wp-json\/wp\/v2\/users\/2"}],"replies":[{"embeddable":true,"href":"https:\/\/www.caririemacao.com\/1\/wp-json\/wp\/v2\/comments?post=53814"}],"version-history":[{"count":0,"href":"https:\/\/www.caririemacao.com\/1\/wp-json\/wp\/v2\/posts\/53814\/revisions"}],"wp:featuredmedia":[{"embeddable":true,"href":"https:\/\/www.caririemacao.com\/1\/wp-json\/wp\/v2\/media\/53815"}],"wp:attachment":[{"href":"https:\/\/www.caririemacao.com\/1\/wp-json\/wp\/v2\/media?parent=53814"}],"wp:term":[{"taxonomy":"category","embeddable":true,"href":"https:\/\/www.caririemacao.com\/1\/wp-json\/wp\/v2\/categories?post=53814"},{"taxonomy":"post_tag","embeddable":true,"href":"https:\/\/www.caririemacao.com\/1\/wp-json\/wp\/v2\/tags?post=53814"}],"curies":[{"name":"wp","href":"https:\/\/api.w.org\/{rel}","templated":true}]}}