{"id":53836,"date":"2018-06-09T22:23:04","date_gmt":"2018-06-10T01:23:04","guid":{"rendered":"http:\/\/caririemacao.com\/1\/?p=53836"},"modified":"2018-06-09T22:23:04","modified_gmt":"2018-06-10T01:23:04","slug":"prata-realiza-manutencao-de-estradas-e-retirada-de-entulhos-de-vias-urbanas","status":"publish","type":"post","link":"https:\/\/www.caririemacao.com\/1\/2018\/06\/09\/prata-realiza-manutencao-de-estradas-e-retirada-de-entulhos-de-vias-urbanas\/","title":{"rendered":"Prata realiza manuten\u00e7\u00e3o de estradas e retirada de entulhos de vias urbanas"},"content":{"rendered":"<div class=\"contentPost\">\n<p>A Prefeitura de Prata, atrav\u00e9s da Secretaria municipal de Infraestrutura, realizou nesta semana a retirada de entulhos de constru\u00e7\u00f5es particulares, onde os propriet\u00e1rios dos estabelecimentos colocam os detritos na rua e a Prefeitura realiza a limpeza. Al\u00e9m disso, ainda foi realizada o trabalho de recupera\u00e7\u00e3o e manuten\u00e7\u00e3o das estradas rurais do munic\u00edpio, dando melhores condi\u00e7\u00f5es para os usu\u00e1rios. Veja fotos no slide acima.<\/p>\n<p>Diariamente, essas estradas s\u00e3o utilizadas para o transporte de produtos agr\u00edcolas e transporte escolar. Funcion\u00e1rios da prefeitura est\u00e3o trabalhando ainda essa semana nas estradas de todas as comunidades rurais, que estavam precisando desta manuten\u00e7\u00e3o devido as chuvas que causaram problemas cr\u00edticos em determinados pontos das estradas,<\/p>\n<p>A gest\u00e3o de Prata mostra mais uma vez o compromisso com o desenvolvimento da infraestrutura na cidade, que segue sendo o objetivo principal da administra\u00e7\u00e3o.<\/p>\n<p><strong>Manuten\u00e7\u00e3o de m\u00e1quina<\/strong><br \/>\nUma das m\u00e1quinas da Prefeitura acabou tendo uma pe\u00e7a defeituosa, por\u00e9m, a reposi\u00e7\u00e3o da mesma foi solicitada h\u00e1 mais de um m\u00eas e ainda n\u00e3o chegou. O prefeito J\u00fanior N\u00f3brega tranquilizou a popula\u00e7\u00e3o de que apesar do atraso na entrega da pe\u00e7a, os servi\u00e7os para a popula\u00e7\u00e3o n\u00e3o foram afetados, j\u00e1 que outras m\u00e1quinas est\u00e3o em funcionamento e realizando os servi\u00e7os.<\/p>\n<\/div>\n<p><strong>CARIRI EM A\u00c7\u00c3O<\/strong><\/p>\n<p>Com Cariri Ligado\/Foto: Reprodu\u00e7\u00e3o<\/p>\n<p>Leia mais not\u00edcias em\u00a0<a href=\"http:\/\/www.caririemacao.com\/\">caririemacao.com<\/a>, siga nossa p\u00e1gina no\u00a0<a href=\"https:\/\/www.facebook.com\/CaririEmAcao\/?ref=aymt_homepage_panel\">Facebook<\/a>,\u00a0<a href=\"https:\/\/www.instagram.com\/cariri_em_acao\/?hl=pt-br\">Instagram<\/a>\u00a0e\u00a0<a href=\"https:\/\/www.youtube.com\/channel\/UCAptA0jQuYQy8vMhLt2m4qg\">Youtube<\/a>\u00a0e veja nossas mat\u00e9rias, v\u00eddeos e fotos. Voc\u00ea tamb\u00e9m pode enviar informa\u00e7\u00f5es \u00e0 Reda\u00e7\u00e3o do Portal Cariri em A\u00e7\u00e3o pelo WhatsApp (83) 9 9634.5791, (83) 9 9601-1162.<\/p>\n","protected":false},"excerpt":{"rendered":"<p>A Prefeitura de Prata, atrav\u00e9s da Secretaria municipal de Infraestrutura, realizou nesta semana a retirada de entulhos de constru\u00e7\u00f5es particulares, onde os propriet\u00e1rios dos estabelecimentos&hellip; <\/p>\n","protected":false},"author":2,"featured_media":53837,"comment_status":"closed","ping_status":"closed","sticky":false,"template":"","format":"standard","meta":{"sfsi_plus_gutenberg_text_before_share":"","sfsi_plus_gutenberg_show_text_before_share":"","sfsi_plus_gutenberg_icon_type":"","sfsi_plus_gutenberg_icon_alignemt":"","sfsi_plus_gutenburg_max_per_row":"","footnotes":""},"categories":[6],"tags":[],"class_list":["post-53836","post","type-post","status-publish","format-standard","has-post-thumbnail","hentry","category-cidades"],"_links":{"self":[{"href":"https:\/\/www.caririemacao.com\/1\/wp-json\/wp\/v2\/posts\/53836","targetHints":{"allow":["GET"]}}],"collection":[{"href":"https:\/\/www.caririemacao.com\/1\/wp-json\/wp\/v2\/posts"}],"about":[{"href":"https:\/\/www.caririemacao.com\/1\/wp-json\/wp\/v2\/types\/post"}],"author":[{"embeddable":true,"href":"https:\/\/www.caririemacao.com\/1\/wp-json\/wp\/v2\/users\/2"}],"replies":[{"embeddable":true,"href":"https:\/\/www.caririemacao.com\/1\/wp-json\/wp\/v2\/comments?post=53836"}],"version-history":[{"count":0,"href":"https:\/\/www.caririemacao.com\/1\/wp-json\/wp\/v2\/posts\/53836\/revisions"}],"wp:featuredmedia":[{"embeddable":true,"href":"https:\/\/www.caririemacao.com\/1\/wp-json\/wp\/v2\/media\/53837"}],"wp:attachment":[{"href":"https:\/\/www.caririemacao.com\/1\/wp-json\/wp\/v2\/media?parent=53836"}],"wp:term":[{"taxonomy":"category","embeddable":true,"href":"https:\/\/www.caririemacao.com\/1\/wp-json\/wp\/v2\/categories?post=53836"},{"taxonomy":"post_tag","embeddable":true,"href":"https:\/\/www.caririemacao.com\/1\/wp-json\/wp\/v2\/tags?post=53836"}],"curies":[{"name":"wp","href":"https:\/\/api.w.org\/{rel}","templated":true}]}}