{"id":53867,"date":"2018-06-10T15:53:05","date_gmt":"2018-06-10T18:53:05","guid":{"rendered":"http:\/\/caririemacao.com\/1\/?p=53867"},"modified":"2018-06-10T15:54:17","modified_gmt":"2018-06-10T18:54:17","slug":"tite-escala-time-ofensivo-no-ultimo-teste-do-brasil-antes-da-copa","status":"publish","type":"post","link":"https:\/\/www.caririemacao.com\/1\/2018\/06\/10\/tite-escala-time-ofensivo-no-ultimo-teste-do-brasil-antes-da-copa\/","title":{"rendered":"Tite escala time ofensivo no \u00faltimo teste do Brasil antes da Copa"},"content":{"rendered":"<div class=\"titulo\">\n<p>O Brasil faz hoje (10) o seu \u00faltimo jogo amistoso da fase preparat\u00f3ria para a Copa do Mundo R\u00fassia 2018.<\/p>\n<\/div>\n<div class=\"content\">\n<p>O advers\u00e1rio \u00e9 a sele\u00e7\u00e3o da \u00c1ustria, que n\u00e3o se classificou para o Mundial, mas vem de uma s\u00e9rie de sete vit\u00f3rias. Uma delas contra a Alemanha, atual campe\u00e3 mundial, por 2 x 1, na semana passada, em Viena.<\/p>\n<p>A Sele\u00e7\u00e3o Brasileira entre em campo, \u00e0s 11h (hor\u00e1rio de Bras\u00edlia),com Neymar, no lugar de Fernandinho. O time mais ofensivo, escalado pelo treinador Tite (Adenor Bachi), vai come\u00e7ar pressionando a sa\u00edda de bola da \u00c1ustria, a chamada marca\u00e7\u00e3o alta, como gosta dizer o treinador brasileiro.<\/p>\n<p>A sele\u00e7\u00e3o j\u00e1 est\u00e1 no Ernst Happel-Stadion, na cpaital austr\u00edca. onde daqui a pouco far\u00e1 o trabalho de aquecimento no gramado.<\/p>\n<p>De acordo com Tite, por ser a \u00faltima partida antes da Copa, vai ser um jogo perigoso e vai requerer muita concentra\u00e7\u00e3o da equipe.<\/p>\n<p>\u201cUm n\u00edvel de concentra\u00e7\u00e3o alto \u00e9 fundamental\u201d, disse. \u201cVai ser um grande jogo. Vai ser um jogo de alto n\u00edvel\u201d, acrescentou.<\/p>\n<p>Tite informou que Neymar n\u00e3o jogar\u00e1 toda partida e Renato Augusto, que esteve machucado, com uma les\u00e3o no joelho esquerdo, e que somente ontem treinou com bola, deve entrar durante o jogo.<\/p>\n<p>O time est\u00e1 escalado com Alisson, Danilo, Thiago Silva, Miranda e Marcelo; Casemiro, Paulinho, Philippe Coutinho e Willian; Neymar e Gabriel Jesus.<\/p>\n<p>Ap\u00f3s a partida, toda delega\u00e7\u00e3o\u00a0deixar\u00e1 Viena, em voo fretado, para a cidade de Sochi, local da concentra\u00e7\u00e3o da sele\u00e7\u00e3o na R\u00fassia. O avi\u00e3o deve pousar na madrugada desta segunda-feira (11).<\/p>\n<p>Sochi \u00e9 uma cidade de praias voltada para o turismo. Nesta \u00e9poca do ano, os dias s\u00e3o ensolarados e com temperatura em torno de 30 graus Celsius. No local, a Confedera\u00e7\u00e3o Brasileira de Futebol (CBF) montou uma excelente estrutura para hospedagem e\u00a0treinamento\u00a0da sele\u00e7\u00e3o.<\/p>\n<p>O Brasil estreia na Copa do Mundo no pr\u00f3ximo domingo, dia 17, \u00e0s 15h (hor\u00e1rio de Bras\u00edlia) contra a Su\u00ed\u00e7a, no Rostov Arena.<\/p>\n<\/div>\n<p><strong>CARIRI EM A\u00c7\u00c3O<\/strong><\/p>\n<p>Com Ag\u00eancia da Brasil \/Foto: Divulga\u00e7\u00e3o\/ CBF<\/p>\n<p>Leia mais not\u00edcias em\u00a0<a href=\"http:\/\/www.caririemacao.com\/\">caririemacao.com<\/a>, siga nossa p\u00e1gina no\u00a0<a href=\"https:\/\/www.facebook.com\/CaririEmAcao\/?ref=aymt_homepage_panel\">Facebook<\/a>,\u00a0<a href=\"https:\/\/www.instagram.com\/cariri_em_acao\/?hl=pt-br\">Instagram<\/a>\u00a0e\u00a0<a href=\"https:\/\/www.youtube.com\/channel\/UCAptA0jQuYQy8vMhLt2m4qg\">Youtube<\/a>\u00a0e veja nossas mat\u00e9rias, v\u00eddeos e fotos. Voc\u00ea tamb\u00e9m pode enviar informa\u00e7\u00f5es \u00e0 Reda\u00e7\u00e3o do Portal Cariri em A\u00e7\u00e3o pelo WhatsApp (83) 9 9634.5791, (83) 9 9601-1162.<\/p>\n","protected":false},"excerpt":{"rendered":"<p>O Brasil faz hoje (10) o seu \u00faltimo jogo amistoso da fase preparat\u00f3ria para a Copa do Mundo R\u00fassia 2018. O advers\u00e1rio \u00e9 a sele\u00e7\u00e3o&hellip; <\/p>\n","protected":false},"author":2,"featured_media":53870,"comment_status":"closed","ping_status":"closed","sticky":false,"template":"","format":"standard","meta":{"sfsi_plus_gutenberg_text_before_share":"","sfsi_plus_gutenberg_show_text_before_share":"","sfsi_plus_gutenberg_icon_type":"","sfsi_plus_gutenberg_icon_alignemt":"","sfsi_plus_gutenburg_max_per_row":"","footnotes":""},"categories":[13],"tags":[],"class_list":["post-53867","post","type-post","status-publish","format-standard","has-post-thumbnail","hentry","category-esportes"],"_links":{"self":[{"href":"https:\/\/www.caririemacao.com\/1\/wp-json\/wp\/v2\/posts\/53867","targetHints":{"allow":["GET"]}}],"collection":[{"href":"https:\/\/www.caririemacao.com\/1\/wp-json\/wp\/v2\/posts"}],"about":[{"href":"https:\/\/www.caririemacao.com\/1\/wp-json\/wp\/v2\/types\/post"}],"author":[{"embeddable":true,"href":"https:\/\/www.caririemacao.com\/1\/wp-json\/wp\/v2\/users\/2"}],"replies":[{"embeddable":true,"href":"https:\/\/www.caririemacao.com\/1\/wp-json\/wp\/v2\/comments?post=53867"}],"version-history":[{"count":0,"href":"https:\/\/www.caririemacao.com\/1\/wp-json\/wp\/v2\/posts\/53867\/revisions"}],"wp:featuredmedia":[{"embeddable":true,"href":"https:\/\/www.caririemacao.com\/1\/wp-json\/wp\/v2\/media\/53870"}],"wp:attachment":[{"href":"https:\/\/www.caririemacao.com\/1\/wp-json\/wp\/v2\/media?parent=53867"}],"wp:term":[{"taxonomy":"category","embeddable":true,"href":"https:\/\/www.caririemacao.com\/1\/wp-json\/wp\/v2\/categories?post=53867"},{"taxonomy":"post_tag","embeddable":true,"href":"https:\/\/www.caririemacao.com\/1\/wp-json\/wp\/v2\/tags?post=53867"}],"curies":[{"name":"wp","href":"https:\/\/api.w.org\/{rel}","templated":true}]}}