{"id":53875,"date":"2018-06-10T15:59:51","date_gmt":"2018-06-10T18:59:51","guid":{"rendered":"http:\/\/caririemacao.com\/1\/?p=53875"},"modified":"2018-06-10T16:00:52","modified_gmt":"2018-06-10T19:00:52","slug":"policia-militar-intensifica-acoes-durante-festejos-juninos-e-realiza-diversas-apreensoes-na-paraiba","status":"publish","type":"post","link":"https:\/\/www.caririemacao.com\/1\/2018\/06\/10\/policia-militar-intensifica-acoes-durante-festejos-juninos-e-realiza-diversas-apreensoes-na-paraiba\/","title":{"rendered":"Pol\u00edcia Militar intensifica a\u00e7\u00f5es durante festejos juninos e realiza diversas apreens\u00f5es na Para\u00edba"},"content":{"rendered":"<p>A Pol\u00edcia Militar refor\u00e7ou as a\u00e7\u00f5es de policiamento durante os festejos juninos em todo estado, que resultaram\u00a0na apreens\u00e3o de armas de fogo, desde a \u00faltima sexta-feira (8).\u00a0Com a intensifica\u00e7\u00e3o no efetivo para as festas juninas, as armas foram apreendidas em v\u00e1rias cidades, como: Bayeux, Santa Rita, Rem\u00edgio, Queimadas, Soledade, Juazeirinho e Sousa.<\/p>\n<p>Na noite da sexta-feira (8), uma arma de fogo foi apreendida e um homem, de 37 anos, foi detido no munic\u00edpio de Soledade, ap\u00f3s abordagem realizada por policiais militares. A equipe policial atuava no refor\u00e7o do policiamento, quando percebeu um homem em atitude suspeita. Na abordagem, foi encontrada em sua posse uma espingarda.<\/p>\n<p>Na manh\u00e3 desse s\u00e1bado (9), quatro espingardas foram apreendidas na cidade de Queimadas. Policiais da For\u00e7a T\u00e1tica estavam em rondas quando receberam informa\u00e7\u00f5es de que v\u00e1rios indiv\u00edduos estavam em atitude suspeita. Ao perceberem a chegada dos policiais, os indiv\u00edduos fugiram e abandonaram quatro espingardas. As armas de fogo apreendidas foram levadas para a delegacia da cidade.<\/p>\n<p>Na tarde do s\u00e1bado, um homem de 39 anos foi preso por porte ilegal de armas na cidade de Sousa. Durante uma opera\u00e7\u00e3o na cidade, policiais do 14\u00ba BPM ao abordarem um ve\u00edculo suspeito, encontraram na posse do propriet\u00e1rio do ve\u00edculo um rev\u00f3lver, calibre 38, com seis muni\u00e7\u00f5es.<\/p>\n<p>Na madrugada deste domingo (10), policiais do 7\u00ba BPM estavam em rondas quando se depararam com um ve\u00edculo em Lerol\u00e2ndia, zona rural de Santa Rita. A equipe policial ao realizar a busca no ve\u00edculo encontrou na posse do suspeito, de 47 anos, um rev\u00f3lver, calibre 38, com seis muni\u00e7\u00f5es intactas.<\/p>\n<p>Em Bayeux, policiais da For\u00e7a T\u00e1tica da 4\u00aa CIPM receberam informa\u00e7\u00f5es que estava ocorrendo disparos de arma de fogo na localidade M\u00e1rio Andreaza, rapidamente a equipe policial partiu em dilig\u00eancias. Chegando ao local, o suspeito, de 41 anos, foi identificado e na busca foi encontrado em sua posse uma pistola 380, ainda no local foram encontrados tr\u00eas estojos deflagrados.<\/p>\n<p>Na cidade de Rem\u00edgio, policiais da Rotam do 15\u00ba BPM depararam-se com um ve\u00edculo em local suspeito, e rapidamente fizeram o acompanhamento do ve\u00edculo. Os policiais ao se aproximarem para realizar a abordagem perceberam que o suspeito tentou se desvencilhar da arma de fogo, por\u00e9m sem \u00eaxito. Com o suspeito, foram encontrados uma pistola, calibre 380, dois carregadores e quarenta muni\u00e7\u00f5es.<\/p>\n<p>Na manh\u00e3 deste domingo (10), duas armas de fogo foram apreendidas e um homem, de 44 anos, foi detido no munic\u00edpio de Juazeirinho. Policiais do 15\u00ba BPM se depararam com um indiv\u00edduo e na abordagem foram apreendidas em sua posse duas espingardas.<\/p>\n<p>Os suspeitos e as armas apreendidas foram encaminhados \u00e0s delegacias de suas respectivas cidades.<\/p>\n<p><strong>CARIRI EM A\u00c7\u00c3O<\/strong><\/p>\n<p>Com Para\u00edba j\u00e1 \/Foto: Reprodu\u00e7\u00e3o Internet<\/p>\n<p>Leia mais not\u00edcias em\u00a0<a href=\"http:\/\/www.caririemacao.com\/\">caririemacao.com<\/a>, siga nossa p\u00e1gina no\u00a0<a href=\"https:\/\/www.facebook.com\/CaririEmAcao\/?ref=aymt_homepage_panel\">Facebook<\/a>,\u00a0<a href=\"https:\/\/www.instagram.com\/cariri_em_acao\/?hl=pt-br\">Instagram<\/a>\u00a0e\u00a0<a href=\"https:\/\/www.youtube.com\/channel\/UCAptA0jQuYQy8vMhLt2m4qg\">Youtube<\/a>\u00a0e veja nossas mat\u00e9rias, v\u00eddeos e fotos. Voc\u00ea tamb\u00e9m pode enviar informa\u00e7\u00f5es \u00e0 Reda\u00e7\u00e3o do Portal Cariri em A\u00e7\u00e3o pelo WhatsApp (83) 9 9634.5791, (83) 9 9601-1162.<\/p>\n","protected":false},"excerpt":{"rendered":"<p>A Pol\u00edcia Militar refor\u00e7ou as a\u00e7\u00f5es de policiamento durante os festejos juninos em todo estado, que resultaram\u00a0na apreens\u00e3o de armas de fogo, desde a \u00faltima&hellip; <\/p>\n","protected":false},"author":2,"featured_media":45380,"comment_status":"closed","ping_status":"closed","sticky":false,"template":"","format":"standard","meta":{"sfsi_plus_gutenberg_text_before_share":"","sfsi_plus_gutenberg_show_text_before_share":"","sfsi_plus_gutenberg_icon_type":"","sfsi_plus_gutenberg_icon_alignemt":"","sfsi_plus_gutenburg_max_per_row":"","footnotes":""},"categories":[12],"tags":[],"class_list":["post-53875","post","type-post","status-publish","format-standard","has-post-thumbnail","hentry","category-policia"],"_links":{"self":[{"href":"https:\/\/www.caririemacao.com\/1\/wp-json\/wp\/v2\/posts\/53875","targetHints":{"allow":["GET"]}}],"collection":[{"href":"https:\/\/www.caririemacao.com\/1\/wp-json\/wp\/v2\/posts"}],"about":[{"href":"https:\/\/www.caririemacao.com\/1\/wp-json\/wp\/v2\/types\/post"}],"author":[{"embeddable":true,"href":"https:\/\/www.caririemacao.com\/1\/wp-json\/wp\/v2\/users\/2"}],"replies":[{"embeddable":true,"href":"https:\/\/www.caririemacao.com\/1\/wp-json\/wp\/v2\/comments?post=53875"}],"version-history":[{"count":0,"href":"https:\/\/www.caririemacao.com\/1\/wp-json\/wp\/v2\/posts\/53875\/revisions"}],"wp:featuredmedia":[{"embeddable":true,"href":"https:\/\/www.caririemacao.com\/1\/wp-json\/wp\/v2\/media\/45380"}],"wp:attachment":[{"href":"https:\/\/www.caririemacao.com\/1\/wp-json\/wp\/v2\/media?parent=53875"}],"wp:term":[{"taxonomy":"category","embeddable":true,"href":"https:\/\/www.caririemacao.com\/1\/wp-json\/wp\/v2\/categories?post=53875"},{"taxonomy":"post_tag","embeddable":true,"href":"https:\/\/www.caririemacao.com\/1\/wp-json\/wp\/v2\/tags?post=53875"}],"curies":[{"name":"wp","href":"https:\/\/api.w.org\/{rel}","templated":true}]}}