{"id":53880,"date":"2018-06-10T16:09:04","date_gmt":"2018-06-10T19:09:04","guid":{"rendered":"http:\/\/caririemacao.com\/1\/?p=53880"},"modified":"2018-06-10T16:31:54","modified_gmt":"2018-06-10T19:31:54","slug":"alvaro-neto-participa-do-programa-cariri-em-acao-e-fala-de-seu-projeto-para-camara-federal","status":"publish","type":"post","link":"https:\/\/www.caririemacao.com\/1\/2018\/06\/10\/alvaro-neto-participa-do-programa-cariri-em-acao-e-fala-de-seu-projeto-para-camara-federal\/","title":{"rendered":"\u00c1lvaro Neto participa do Programa Cariri em A\u00e7\u00e3o e fala de seu projeto para C\u00e2mara Federal"},"content":{"rendered":"<p>O ex-deputado federal, \u00c1lvaro Gaud\u00eancio Neto esteve participando do Programa Cariri em A\u00e7\u00e3o veiculado na manh\u00e3 deste s\u00e1bado (9), na R\u00e1dio 95 Fm, em Sum\u00e9, concedendo entrevista aos radialistas Marivaldo Alc\u00e2ntara e Gutyelson Henrik.<\/p>\n<p>Em uma hora de programa, \u00c1lvaro Neto, que atualmente est\u00e1 no Partido Avante, respondeu as mais variadas perguntas, falou de sua trajet\u00f3ria pol\u00edtica e de seus principais projetos como pr\u00e9-candidato a deputado federal nas elei\u00e7\u00f5es deste ano.<\/p>\n<p>No in\u00edcio do programa, \u00c1lvaro fez um relato sobre a trajet\u00f3ria de sua fam\u00edlia na via p\u00fablica, desde a gera\u00e7\u00e3o do seu av\u00f4 \u00c1lvaro Gaud\u00eancio de Queiroz, \u201co velho \u00c1lvaro\u201d, como era chamado carinhosamente, seus irm\u00e3os, seus tios, mostrando que a fam\u00edlia sempre foi vocacionada para a pol\u00edtica.<\/p>\n<p>Ele comentou sobre seus principais projetos para disputar um mandato de deputado federal, defendendo a luta contra o narcotr\u00e1fico que vem acabando com as fam\u00edlias e a sua contribui\u00e7\u00e3o como especialista da \u00e1rea penal no combate a este tipo de criminalidade. Ele disse que sua experi\u00eancia e sua luta em defesa da \u00e9tica na pol\u00edtica, caracter\u00edsticas que sempre adotou na pol\u00edtica, poder\u00e1 ajud\u00e1-lo alcan\u00e7ar o \u00eaxito nestas elei\u00e7\u00f5es.<\/p>\n<p>\u00c1lvaro Neto tamb\u00e9m discorreu sobre a sua experi\u00eancia enquanto ocupante de cargos, desde vereador, deputado estadual e federal, al\u00e9m de coordenador da Funasa no Estado e sua passagem como diretor-financeiro da estatal Transpetro, empresa subsidi\u00e1ria da Petrobras, cargo que iniciou a exerc\u00ea-lo em 2005.<\/p>\n<p>Em rela\u00e7\u00e3o \u00e0 pol\u00edtica, \u00c1lvaro falou sobre o cen\u00e1rio nacional e destacou sua aproxima\u00e7\u00e3o com o pr\u00e9-candidato com Jo\u00e3o Azevedo, pr\u00e9-candidato a governador da Para\u00edba.<\/p>\n<p>O ex-deputado federal estava acompanhado do ex-prefeito do Congo, Braz Fernandes. O programa foi ao ar das 8h \u00e0s 9h deste s\u00e1bado, dia 9.<\/p>\n<p><a href=\"https:\/\/www.facebook.com\/CaririEmAcao\/videos\/1257983007671053\/\">VEJA O PROGRAMA CARIRI EM A\u00c7\u00c3O<\/a><\/p>\n<p><div class=\"ose- ose-uid-94cdc4b4405215a4640ee9c9d7234206 ose-embedpress-responsive\" style=\"width:600px; height:550px; max-height:550px; max-width:100%; display:inline-block;\" data-embed-type=\"Facebook\"><iframe allowFullScreen=\"true\" class=\"embera-facebook-iframe-94cdc lazyload\" data-src=\"https:\/\/www.facebook.com\/plugins\/post.php?href=https%3A%2F%2Fwww.facebook.com%2FCaririEmAcao%2Fvideos%2F1257983007671053%2F&width=600&height=550&show_text=true\" width=\"600\" height=\"550\" style=\"border:none;overflow:hidden\" scrolling=\"no\" frameborder=\"0\" allowTransparency=\"true\" src=\"data:image\/svg+xml;base64,PHN2ZyB3aWR0aD0iMSIgaGVpZ2h0PSIxIiB4bWxucz0iaHR0cDovL3d3dy53My5vcmcvMjAwMC9zdmciPjwvc3ZnPg==\" data-load-mode=\"1\"><\/iframe><\/div><\/p>\n<p><strong>CARIRI EM A\u00c7\u00c3O<\/strong><\/p>\n<p>Leia mais not\u00edcias em\u00a0<a href=\"http:\/\/www.caririemacao.com\/\">caririemacao.com<\/a>, siga nossa p\u00e1gina no\u00a0<a href=\"https:\/\/www.facebook.com\/CaririEmAcao\/?ref=aymt_homepage_panel\">Facebook<\/a>,\u00a0<a href=\"https:\/\/www.instagram.com\/cariri_em_acao\/?hl=pt-br\">Instagram<\/a>\u00a0e\u00a0<a href=\"https:\/\/www.youtube.com\/channel\/UCAptA0jQuYQy8vMhLt2m4qg\">Youtube<\/a>\u00a0e veja nossas mat\u00e9rias, v\u00eddeos e fotos. Voc\u00ea tamb\u00e9m pode enviar informa\u00e7\u00f5es \u00e0 Reda\u00e7\u00e3o do Portal Cariri em A\u00e7\u00e3o pelo WhatsApp (83) 9 9634.5791, (83) 9 9601-1162.<\/p>\n","protected":false},"excerpt":{"rendered":"<p>O ex-deputado federal, \u00c1lvaro Gaud\u00eancio Neto esteve participando do Programa Cariri em A\u00e7\u00e3o veiculado na manh\u00e3 deste s\u00e1bado (9), na R\u00e1dio 95 Fm, em Sum\u00e9,&hellip; <\/p>\n","protected":false},"author":2,"featured_media":53881,"comment_status":"closed","ping_status":"closed","sticky":false,"template":"","format":"standard","meta":{"sfsi_plus_gutenberg_text_before_share":"","sfsi_plus_gutenberg_show_text_before_share":"","sfsi_plus_gutenberg_icon_type":"","sfsi_plus_gutenberg_icon_alignemt":"","sfsi_plus_gutenburg_max_per_row":"","footnotes":""},"categories":[11],"tags":[],"class_list":["post-53880","post","type-post","status-publish","format-standard","has-post-thumbnail","hentry","category-politica"],"_links":{"self":[{"href":"https:\/\/www.caririemacao.com\/1\/wp-json\/wp\/v2\/posts\/53880","targetHints":{"allow":["GET"]}}],"collection":[{"href":"https:\/\/www.caririemacao.com\/1\/wp-json\/wp\/v2\/posts"}],"about":[{"href":"https:\/\/www.caririemacao.com\/1\/wp-json\/wp\/v2\/types\/post"}],"author":[{"embeddable":true,"href":"https:\/\/www.caririemacao.com\/1\/wp-json\/wp\/v2\/users\/2"}],"replies":[{"embeddable":true,"href":"https:\/\/www.caririemacao.com\/1\/wp-json\/wp\/v2\/comments?post=53880"}],"version-history":[{"count":0,"href":"https:\/\/www.caririemacao.com\/1\/wp-json\/wp\/v2\/posts\/53880\/revisions"}],"wp:featuredmedia":[{"embeddable":true,"href":"https:\/\/www.caririemacao.com\/1\/wp-json\/wp\/v2\/media\/53881"}],"wp:attachment":[{"href":"https:\/\/www.caririemacao.com\/1\/wp-json\/wp\/v2\/media?parent=53880"}],"wp:term":[{"taxonomy":"category","embeddable":true,"href":"https:\/\/www.caririemacao.com\/1\/wp-json\/wp\/v2\/categories?post=53880"},{"taxonomy":"post_tag","embeddable":true,"href":"https:\/\/www.caririemacao.com\/1\/wp-json\/wp\/v2\/tags?post=53880"}],"curies":[{"name":"wp","href":"https:\/\/api.w.org\/{rel}","templated":true}]}}