{"id":53884,"date":"2018-06-10T16:12:53","date_gmt":"2018-06-10T19:12:53","guid":{"rendered":"http:\/\/caririemacao.com\/1\/?p=53884"},"modified":"2018-06-10T16:13:20","modified_gmt":"2018-06-10T19:13:20","slug":"lula-segue-a-frente-da-corrida-presidencial-mostra-datafolha","status":"publish","type":"post","link":"https:\/\/www.caririemacao.com\/1\/2018\/06\/10\/lula-segue-a-frente-da-corrida-presidencial-mostra-datafolha\/","title":{"rendered":"Lula segue \u00e0 frente da corrida presidencial, mostra Datafolha"},"content":{"rendered":"<div class=\"d-1of4 t-all column_social\">\n<div id=\"sticky-wrapper\" class=\"sticky-wrapper is-sticky\">\n<div class=\"share-internal\">\n<div class=\"box_share_int\"><\/div>\n<div class=\"box_share_int\">O ex-presidente Luiz In\u00e1cio Lula da Silva (PT) est\u00e1 preso na Pol\u00edcia Federal de Curitiba h\u00e1 dois meses. Mesmo assim, segue na lideran\u00e7a da corrida presidencial deste ano, com 30% das inten\u00e7\u00f5es de voto, como mostra a mais recente pesquisa Datafolha, divulgada neste domingo\u00a0(10\/6).<\/div>\n<\/div>\n<\/div>\n<\/div>\n<div id=\"content_post\" class=\"d-3of4 t-all\">\n<p>Sem o petista na corrida presidencial, o deputado Jair Bolsonaro (PSL) continua \u00e0 frente dos concorrentes, com 19%, seguido de Marina Silva (Rede), que oscila entre 14% e 15%, Ciro Gomes (PDT),\u00a0variando de 10 a 11%, Geraldo Alckmin (PSDB) com 7% e Alvaro Dias (Podemos) com 4%.<\/p>\n<p>Apesar da lideran\u00e7a, Lula vem registrando queda na prefer\u00eancia do eleitorado. Em janeiro, o Datafolha indicava que o ex-presidente tinha 37% e no levantamento divulgado no dia 15 de abril, 31% no cen\u00e1rio mais favor\u00e1vel entre nove pesquisados.Na atual mostra, nos panoramas em que o petista fica fora do p\u00e1reo, mais de 1\/3 do eleitorado ainda diz\u00a0estar sem op\u00e7\u00e3o de voto. E os dois candidatos mais cotados para a sua vaga, o ex-prefeito Fernando Haddad (SP) e o ex-governador Jaques Wagner (BA), aparecem com apenas 1% na pesquisa.<\/p>\n<p>Votos nulos, brancos e \u201cn\u00e3o sabem\u201d, com Fernando Haddad ou Jaques Wagner no lugar de Lula nessa disputa, chegam a 33%. Sem o PT no p\u00e1reo, esses votos v\u00e3o a 34%. E com Lula na disputa, os que dizem n\u00e3o ter candidato ficam em torno dos 21%.<\/p>\n<p>Nessa pesquisa, Manuela D\u2019\u00c1vila (PCdoB) e Rodrigo Maia (DEM) oscilam entre 1% e 2%; Aldo Rebelo (SDD), Fernando Collor de Mello (PTC), Fl\u00e1vio Rocha (PRB), Guilherme Afif (PSD), Guilherme Boulos (PSOL), Jo\u00e3o Amo\u00eado (Novo), Jo\u00e3o Goulart Filho (PPL), Josu\u00e9 Alencar (PR) e Levy Fidelix (PRTB),\u00a0variam de 0% a 1%. Paulo Rabello de Castro (PSC) n\u00e3o alcan\u00e7a 1% em nenhum cen\u00e1rio.<\/p>\n<p>Candidato do presidente Michel Temer, o ex-ministro da Fazenda Henrique Meirelles (MDB) aparece nessa mostra com apenas 1% das inten\u00e7\u00f5es de voto.<\/p>\n<p><strong>Rejei\u00e7\u00e3o<\/strong><br \/>\nNo quesito rejei\u00e7\u00e3o, o campe\u00e3o \u00e9 o ex-presidente Fernando Collor (PTC), com 39%. Seguido de Lula (PT), 36%; Bolsonaro (PSL), 32%; Alckmin (PSDB), 27%; Marina Silva (Rede), 24%; e Ciro Gomes (PDT), 23%.<\/p>\n<p>A mais recente pesquisa Datafolha, realizada entre os dias 6 (quarta) e 7 (quinta) deste m\u00eas, teve como base 2.824 entrevistas em 174 munic\u00edpios de todos os estados do Pa\u00eds e no Distrito Federal. A margem de erro \u00e9 de 2 pontos porcentuais para mais ou para menos e o n\u00edvel de confian\u00e7a, 95%. O levantamento est\u00e1 registrado no TSE sob o n\u00famero BR-05110\/2018.<\/p>\n<\/div>\n<p><strong>CARIRI EM A\u00c7\u00c3O<\/strong><\/p>\n<p>Com metropoles\/Foto: Reprodu\u00e7\u00e3o Internet<\/p>\n<p>Leia mais not\u00edcias em\u00a0<a href=\"http:\/\/www.caririemacao.com\/\">caririemacao.com<\/a>, siga nossa p\u00e1gina no\u00a0<a href=\"https:\/\/www.facebook.com\/CaririEmAcao\/?ref=aymt_homepage_panel\">Facebook<\/a>,\u00a0<a href=\"https:\/\/www.instagram.com\/cariri_em_acao\/?hl=pt-br\">Instagram<\/a>\u00a0e\u00a0<a href=\"https:\/\/www.youtube.com\/channel\/UCAptA0jQuYQy8vMhLt2m4qg\">Youtube<\/a>\u00a0e veja nossas mat\u00e9rias, v\u00eddeos e fotos. Voc\u00ea tamb\u00e9m pode enviar informa\u00e7\u00f5es \u00e0 Reda\u00e7\u00e3o do Portal Cariri em A\u00e7\u00e3o pelo WhatsApp (83) 9 9634.5791, (83) 9 9601-1162.<\/p>\n","protected":false},"excerpt":{"rendered":"<p>O ex-presidente Luiz In\u00e1cio Lula da Silva (PT) est\u00e1 preso na Pol\u00edcia Federal de Curitiba h\u00e1 dois meses. Mesmo assim, segue na lideran\u00e7a da corrida&hellip; <\/p>\n","protected":false},"author":2,"featured_media":46618,"comment_status":"closed","ping_status":"closed","sticky":false,"template":"","format":"standard","meta":{"sfsi_plus_gutenberg_text_before_share":"","sfsi_plus_gutenberg_show_text_before_share":"","sfsi_plus_gutenberg_icon_type":"","sfsi_plus_gutenberg_icon_alignemt":"","sfsi_plus_gutenburg_max_per_row":"","footnotes":""},"categories":[11],"tags":[],"class_list":["post-53884","post","type-post","status-publish","format-standard","has-post-thumbnail","hentry","category-politica"],"_links":{"self":[{"href":"https:\/\/www.caririemacao.com\/1\/wp-json\/wp\/v2\/posts\/53884","targetHints":{"allow":["GET"]}}],"collection":[{"href":"https:\/\/www.caririemacao.com\/1\/wp-json\/wp\/v2\/posts"}],"about":[{"href":"https:\/\/www.caririemacao.com\/1\/wp-json\/wp\/v2\/types\/post"}],"author":[{"embeddable":true,"href":"https:\/\/www.caririemacao.com\/1\/wp-json\/wp\/v2\/users\/2"}],"replies":[{"embeddable":true,"href":"https:\/\/www.caririemacao.com\/1\/wp-json\/wp\/v2\/comments?post=53884"}],"version-history":[{"count":0,"href":"https:\/\/www.caririemacao.com\/1\/wp-json\/wp\/v2\/posts\/53884\/revisions"}],"wp:featuredmedia":[{"embeddable":true,"href":"https:\/\/www.caririemacao.com\/1\/wp-json\/wp\/v2\/media\/46618"}],"wp:attachment":[{"href":"https:\/\/www.caririemacao.com\/1\/wp-json\/wp\/v2\/media?parent=53884"}],"wp:term":[{"taxonomy":"category","embeddable":true,"href":"https:\/\/www.caririemacao.com\/1\/wp-json\/wp\/v2\/categories?post=53884"},{"taxonomy":"post_tag","embeddable":true,"href":"https:\/\/www.caririemacao.com\/1\/wp-json\/wp\/v2\/tags?post=53884"}],"curies":[{"name":"wp","href":"https:\/\/api.w.org\/{rel}","templated":true}]}}