{"id":55503,"date":"2018-06-28T09:51:31","date_gmt":"2018-06-28T12:51:31","guid":{"rendered":"http:\/\/caririemacao.com\/1\/?p=55503"},"modified":"2018-06-28T09:51:31","modified_gmt":"2018-06-28T12:51:31","slug":"marco-aurelio-critica-carmen-lucia-e-fala-em-manipulacao-de-pauta","status":"publish","type":"post","link":"https:\/\/www.caririemacao.com\/1\/2018\/06\/28\/marco-aurelio-critica-carmen-lucia-e-fala-em-manipulacao-de-pauta\/","title":{"rendered":"Marco Aur\u00e9lio critica C\u00e1rmen L\u00facia e fala em &#8216;manipula\u00e7\u00e3o de pauta&#8217;"},"content":{"rendered":"<p><span class=\"news_capital_letter\">O\u00a0<\/span>ministro Marco Aur\u00e9lio Mello, do Supremo Tribunal Federal (STF), fez cr\u00edticas nesta quarta-feira (27) ao que classificou como &#8220;manipula\u00e7\u00e3o&#8221; da pauta da Corte por parte da presidente, a ministra C\u00e1rmen L\u00facia.<\/p>\n<p>O magistrado \u00e9 relator de duas a\u00e7\u00f5es que tratam da possibilidade condenados por tribunais de segunda inst\u00e2ncia serem presos. Desde dezembro do ano passado, os processos foram liberados para julgamento, mas ainda n\u00e3o foram colocados em pauta pela presidente.<\/p>\n<p>&#8220;A ministra C\u00e1rmen L\u00facia, que define a data para julgamento, est\u00e1 com a palavra. Sem d\u00favida alguma, tempos estranhos. Estou aqui h\u00e1 28 anos, e nunca vi manipula\u00e7\u00e3o da pauta como esta&#8221;, declarou Marco Aur\u00e9lio, de acordo com o jornal O Globo.<\/p>\n<p>C\u00e1rmen L\u00facia alega n\u00e3o haver urg\u00eancia de se discutir o tema, j\u00e1 que o mesmo plen\u00e1rio do STF definiu, em 2016, a regra do in\u00edcio do cumprimento das penas ap\u00f3s a condena\u00e7\u00e3o em segunda inst\u00e2ncia. No entanto, desde ent\u00e3o alguns ministros mudaram o entendimento sobre o assunto.<\/p>\n<p>Para o relator, o novo julgamento serviria para unificar o posicionamento da Primeira e da Segunda Turma do tribunal, cada uma composta por cinco ministros. &#8220;N\u00e3o ter\u00edamos o descompasso entre as duas turmas (se a a\u00e7\u00e3o sobre segunda inst\u00e2ncia fosse julgada em plen\u00e1rio). A diverg\u00eancia eu rotulo como intestina, que maior descr\u00e9dito ocasiona ao Judici\u00e1rio&#8221;, afirmou Marco Aur\u00e9lio.<\/p>\n<p><strong>CARIRI EM A\u00c7\u00c3O<\/strong><\/p>\n<p>Com Noticia ao minuto\/Foto: Reprodu\u00e7\u00e3o Internet<\/p>\n<p>Leia mais not\u00edcias em\u00a0<a href=\"http:\/\/www.caririemacao.com\/\">caririemacao.com<\/a>, siga nossa p\u00e1gina no\u00a0<a href=\"https:\/\/www.facebook.com\/CaririEmAcao\/?ref=aymt_homepage_panel\">Facebook<\/a>,\u00a0<a href=\"https:\/\/www.instagram.com\/cariri_em_acao\/?hl=pt-br\">Instagram<\/a>\u00a0e\u00a0<a href=\"https:\/\/www.youtube.com\/channel\/UCAptA0jQuYQy8vMhLt2m4qg\">Youtube<\/a>\u00a0e veja nossas mat\u00e9rias, v\u00eddeos e fotos. Voc\u00ea tamb\u00e9m pode enviar informa\u00e7\u00f5es \u00e0 Reda\u00e7\u00e3o do Portal Cariri em A\u00e7\u00e3o pelo WhatsApp (83) 9 9634.5791, (83) 9 9601-1162.<\/p>\n","protected":false},"excerpt":{"rendered":"<p>O\u00a0ministro Marco Aur\u00e9lio Mello, do Supremo Tribunal Federal (STF), fez cr\u00edticas nesta quarta-feira (27) ao que classificou como &#8220;manipula\u00e7\u00e3o&#8221; da pauta da Corte por parte&hellip; <\/p>\n","protected":false},"author":2,"featured_media":55504,"comment_status":"closed","ping_status":"closed","sticky":false,"template":"","format":"standard","meta":{"sfsi_plus_gutenberg_text_before_share":"","sfsi_plus_gutenberg_show_text_before_share":"","sfsi_plus_gutenberg_icon_type":"","sfsi_plus_gutenberg_icon_alignemt":"","sfsi_plus_gutenburg_max_per_row":"","footnotes":""},"categories":[11],"tags":[],"class_list":["post-55503","post","type-post","status-publish","format-standard","has-post-thumbnail","hentry","category-politica"],"_links":{"self":[{"href":"https:\/\/www.caririemacao.com\/1\/wp-json\/wp\/v2\/posts\/55503","targetHints":{"allow":["GET"]}}],"collection":[{"href":"https:\/\/www.caririemacao.com\/1\/wp-json\/wp\/v2\/posts"}],"about":[{"href":"https:\/\/www.caririemacao.com\/1\/wp-json\/wp\/v2\/types\/post"}],"author":[{"embeddable":true,"href":"https:\/\/www.caririemacao.com\/1\/wp-json\/wp\/v2\/users\/2"}],"replies":[{"embeddable":true,"href":"https:\/\/www.caririemacao.com\/1\/wp-json\/wp\/v2\/comments?post=55503"}],"version-history":[{"count":1,"href":"https:\/\/www.caririemacao.com\/1\/wp-json\/wp\/v2\/posts\/55503\/revisions"}],"predecessor-version":[{"id":55505,"href":"https:\/\/www.caririemacao.com\/1\/wp-json\/wp\/v2\/posts\/55503\/revisions\/55505"}],"wp:featuredmedia":[{"embeddable":true,"href":"https:\/\/www.caririemacao.com\/1\/wp-json\/wp\/v2\/media\/55504"}],"wp:attachment":[{"href":"https:\/\/www.caririemacao.com\/1\/wp-json\/wp\/v2\/media?parent=55503"}],"wp:term":[{"taxonomy":"category","embeddable":true,"href":"https:\/\/www.caririemacao.com\/1\/wp-json\/wp\/v2\/categories?post=55503"},{"taxonomy":"post_tag","embeddable":true,"href":"https:\/\/www.caririemacao.com\/1\/wp-json\/wp\/v2\/tags?post=55503"}],"curies":[{"name":"wp","href":"https:\/\/api.w.org\/{rel}","templated":true}]}}