{"id":55506,"date":"2018-06-28T09:54:38","date_gmt":"2018-06-28T12:54:38","guid":{"rendered":"http:\/\/caririemacao.com\/1\/?p=55506"},"modified":"2018-06-28T09:54:38","modified_gmt":"2018-06-28T12:54:38","slug":"aneel-promove-leilao-que-deve-gerar-r-6-bilhoes-em-investimentos","status":"publish","type":"post","link":"https:\/\/www.caririemacao.com\/1\/2018\/06\/28\/aneel-promove-leilao-que-deve-gerar-r-6-bilhoes-em-investimentos\/","title":{"rendered":"Aneel promove leil\u00e3o que deve gerar R$ 6 bilh\u00f5es em investimentos"},"content":{"rendered":"<p><span class=\"news_capital_letter\">A\u00a0<\/span>Ag\u00eancia Nacional de Energia El\u00e9trica (Aneel) promove nesta quinta-feira (28), em S\u00e3o Paulo, o primeiro leil\u00e3o de transmiss\u00e3o de energia do ano. Ser\u00e3o 20 lotes de linhas de transmiss\u00e3o de energia el\u00e9trica, que dever\u00e3o gerar R$ 6 bilh\u00f5es em investimentos e aproximadamente 13,6 mil empregos. H\u00e1 ainda a expectativa de que o consumidor venha a pagar menos pelo consumo de energia.<\/p>\n<p>Os lotes a serem leiloados representam 12.230 megavolt-amperes (MVA) de expans\u00e3o da capacidade de instala\u00e7\u00f5es e 2.560 quil\u00f4metros (km) de linhas de transmiss\u00e3o, que est\u00e3o distribu\u00eddas em 16 estados:\u00a0Santa Catarina, Rio de Janeiro, Cear\u00e1, Rio Grande do Norte, Para\u00edba, Bahia, Sergipe, Alagoas, S\u00e3o Paulo, Tocantins, Goi\u00e1s, Rio Grande do Sul, Par\u00e1, Piau\u00ed, Maranh\u00e3o e Minas Gerais.<\/p>\n<p>Os prazos de execu\u00e7\u00e3o das obras variam de 36 a 63 meses. A concess\u00e3o do servi\u00e7o inclui a constru\u00e7\u00e3o, montagem, opera\u00e7\u00e3o e manuten\u00e7\u00e3o das instala\u00e7\u00f5es de transmiss\u00e3o. A previs\u00e3o \u00e9 de que a iniciativa reduza o pre\u00e7o final pago pelo consumidor, pois vencem o leil\u00e3o as empresas que ofertarem o menor valor de Receita Anual Permitida (RAP).<\/p>\n<p>Os estudos pr\u00e9vios levaram em considera\u00e7\u00e3o aspectos t\u00e9cnico-econ\u00f4micos, socioambientais, tra\u00e7ado preliminar e defini\u00e7\u00f5es de engenharia. Assim, a implanta\u00e7\u00e3o desses empreendimentos obedece \u00e0s solu\u00e7\u00f5es de planejamento para a expans\u00e3o, de forma a manter a confiabilidade e a garantia do atendimento \u00e0 demanda de energia el\u00e9trica.<\/p>\n<p>Em 2017, houve dois leil\u00f5es, o primeiro em abril, quando foram arrematados 31 lotes \u2013 com investimento previsto de R$ 12,7 bilh\u00f5es, e o segundo em dezembro, quando foram arrematados 11 lotes \u2013 com investimento previsto de R$ 8,7 bilh\u00f5es.<\/p>\n<p><strong>CARIRI EM A\u00c7\u00c3O<\/strong><\/p>\n<p>Com Ag\u00eancia Brasil\/Foto: Reprodu\u00e7\u00e3o Internet<\/p>\n<p>Leia mais not\u00edcias em\u00a0<a href=\"http:\/\/www.caririemacao.com\/\">caririemacao.com<\/a>, siga nossa p\u00e1gina no\u00a0<a href=\"https:\/\/www.facebook.com\/CaririEmAcao\/?ref=aymt_homepage_panel\">Facebook<\/a>,\u00a0<a href=\"https:\/\/www.instagram.com\/cariri_em_acao\/?hl=pt-br\">Instagram<\/a>\u00a0e\u00a0<a href=\"https:\/\/www.youtube.com\/channel\/UCAptA0jQuYQy8vMhLt2m4qg\">Youtube<\/a>\u00a0e veja nossas mat\u00e9rias, v\u00eddeos e fotos. Voc\u00ea tamb\u00e9m pode enviar informa\u00e7\u00f5es \u00e0 Reda\u00e7\u00e3o do Portal Cariri em A\u00e7\u00e3o pelo WhatsApp (83) 9 9634.5791, (83) 9 9601-1162.<\/p>\n","protected":false},"excerpt":{"rendered":"<p>A\u00a0Ag\u00eancia Nacional de Energia El\u00e9trica (Aneel) promove nesta quinta-feira (28), em S\u00e3o Paulo, o primeiro leil\u00e3o de transmiss\u00e3o de energia do ano. Ser\u00e3o 20 lotes&hellip; <\/p>\n","protected":false},"author":2,"featured_media":55507,"comment_status":"closed","ping_status":"closed","sticky":false,"template":"","format":"standard","meta":{"sfsi_plus_gutenberg_text_before_share":"","sfsi_plus_gutenberg_show_text_before_share":"","sfsi_plus_gutenberg_icon_type":"","sfsi_plus_gutenberg_icon_alignemt":"","sfsi_plus_gutenburg_max_per_row":"","footnotes":""},"categories":[2],"tags":[],"class_list":["post-55506","post","type-post","status-publish","format-standard","has-post-thumbnail","hentry","category-geral"],"_links":{"self":[{"href":"https:\/\/www.caririemacao.com\/1\/wp-json\/wp\/v2\/posts\/55506","targetHints":{"allow":["GET"]}}],"collection":[{"href":"https:\/\/www.caririemacao.com\/1\/wp-json\/wp\/v2\/posts"}],"about":[{"href":"https:\/\/www.caririemacao.com\/1\/wp-json\/wp\/v2\/types\/post"}],"author":[{"embeddable":true,"href":"https:\/\/www.caririemacao.com\/1\/wp-json\/wp\/v2\/users\/2"}],"replies":[{"embeddable":true,"href":"https:\/\/www.caririemacao.com\/1\/wp-json\/wp\/v2\/comments?post=55506"}],"version-history":[{"count":1,"href":"https:\/\/www.caririemacao.com\/1\/wp-json\/wp\/v2\/posts\/55506\/revisions"}],"predecessor-version":[{"id":55508,"href":"https:\/\/www.caririemacao.com\/1\/wp-json\/wp\/v2\/posts\/55506\/revisions\/55508"}],"wp:featuredmedia":[{"embeddable":true,"href":"https:\/\/www.caririemacao.com\/1\/wp-json\/wp\/v2\/media\/55507"}],"wp:attachment":[{"href":"https:\/\/www.caririemacao.com\/1\/wp-json\/wp\/v2\/media?parent=55506"}],"wp:term":[{"taxonomy":"category","embeddable":true,"href":"https:\/\/www.caririemacao.com\/1\/wp-json\/wp\/v2\/categories?post=55506"},{"taxonomy":"post_tag","embeddable":true,"href":"https:\/\/www.caririemacao.com\/1\/wp-json\/wp\/v2\/tags?post=55506"}],"curies":[{"name":"wp","href":"https:\/\/api.w.org\/{rel}","templated":true}]}}