{"id":55847,"date":"2018-07-01T08:30:08","date_gmt":"2018-07-01T11:30:08","guid":{"rendered":"http:\/\/caririemacao.com\/1\/?p=55847"},"modified":"2018-07-01T08:30:08","modified_gmt":"2018-07-01T11:30:08","slug":"justica-decreta-prisao-preventiva-de-ex-secretario-de-alckmin","status":"publish","type":"post","link":"https:\/\/www.caririemacao.com\/1\/2018\/07\/01\/justica-decreta-prisao-preventiva-de-ex-secretario-de-alckmin\/","title":{"rendered":"Justi\u00e7a decreta pris\u00e3o preventiva de ex-secret\u00e1rio de Alckmin"},"content":{"rendered":"<p>A Justi\u00e7a Federal decretou a pris\u00e3o preventiva do ex-presidente da Dersa e ex-secret\u00e1rio estadual no governo de Geraldo Alckmin (PSDB-SP) Laurence Casagrande Louren\u00e7o e do ex-diretor da Dersa Pedro da Silva. Ambos s\u00e3o alvos da Opera\u00e7\u00e3o Pedra no Caminho, que investiga fraudes e desvios nas obras do trecho norte do Rodoanel.<\/p>\n<p>Eles estavam presos temporariamente desde o dia 21 e, agora, suas penas foram convertidas em preventivas, com prazo indeterminado. A decis\u00e3o foi tomada pela ju\u00edza Maria Isabel do Prado, da 5\u00aa Vara Federal de S\u00e3o Paulo.<\/p>\n<p>&#8220;A liberdade dos investigados Pedro da Silva e Laurence Casagrande Louren\u00e7o constitui um grave risco \u00e0 instru\u00e7\u00e3o processual, \u00e0s testemunhas e, como consequ\u00eancia, \u00e0 pr\u00f3pria possibilidade de aplica\u00e7\u00e3o da lei penal, eis que futura a\u00e7\u00e3o penal dependeria da prote\u00e7\u00e3o destas provas, diante da necessidade de sua reaprecia\u00e7\u00e3o por meio do devido processo legal&#8221;, afirmou a ju\u00edza.<\/p>\n<p>Na mesma decis\u00e3o, a magistrada concedeu liberdade a outros cinco investigados que estavam presos. Foi determinada a expedi\u00e7\u00e3o de alvar\u00e1s de soltura para Adriano Francisco Bianconcini Trassi, Benedito Aparecido Trida, Edison Mineiro Ferreira dos Santos, Pedro Paulo Dantas do Amaral Campos e Valdir dos Santos Paula.<\/p>\n<p>A Opera\u00e7\u00e3o Pedra no Caminho investiga aditivos \u00e0s obras do Rodoanel assinados pela estatal paulista Dersa na gest\u00e3o Alckmin que levaram a preju\u00edzos de mais de R$ 600 milh\u00f5es, segundo a Pol\u00edcia Federal e o Minist\u00e9rio P\u00fablico.<\/p>\n<p>De acordo com as investiga\u00e7\u00f5es, foram beneficiadas pelos aditivos as construtoras OAS e Mendes J\u00fanior, que j\u00e1 s\u00e3o investigadas na Opera\u00e7\u00e3o Lava Jato.<\/p>\n<p>As apura\u00e7\u00f5es sobre os adendos contratuais levaram \u00e0 decreta\u00e7\u00e3o da pris\u00e3o de 15 suspeitos no \u00faltimo dia 21. Oito foram soltos no dia 22 e, no dia 25, os outros sete tiveram a pris\u00e3o prorrogada por cinco dias.<\/p>\n<p><strong>CARIRI EM A\u00c7\u00c3O<\/strong><\/p>\n<p>Com Folhapress\/Foto: Reprodu\u00e7\u00e3o Interne<\/p>\n<p>Leia mais not\u00edcias em\u00a0<a href=\"http:\/\/www.caririemacao.com\/\">caririemacao.com<\/a>, siga nossa p\u00e1gina no\u00a0<a href=\"https:\/\/www.facebook.com\/CaririEmAcao\/?ref=aymt_homepage_panel\">Facebook<\/a>,\u00a0<a href=\"https:\/\/www.instagram.com\/cariri_em_acao\/?hl=pt-br\">Instagram<\/a>\u00a0e\u00a0<a href=\"https:\/\/www.youtube.com\/channel\/UCAptA0jQuYQy8vMhLt2m4qg\">Youtube<\/a>\u00a0e veja nossas mat\u00e9rias, v\u00eddeos e fotos. Voc\u00ea tamb\u00e9m pode enviar informa\u00e7\u00f5es \u00e0 Reda\u00e7\u00e3o do Portal Cariri em A\u00e7\u00e3o pelo WhatsApp (83) 9 9634.5791, (83) 9 9601-1162.<\/p>\n","protected":false},"excerpt":{"rendered":"<p>A Justi\u00e7a Federal decretou a pris\u00e3o preventiva do ex-presidente da Dersa e ex-secret\u00e1rio estadual no governo de Geraldo Alckmin (PSDB-SP) Laurence Casagrande Louren\u00e7o e do&hellip; <\/p>\n","protected":false},"author":2,"featured_media":55848,"comment_status":"closed","ping_status":"closed","sticky":false,"template":"","format":"standard","meta":{"sfsi_plus_gutenberg_text_before_share":"","sfsi_plus_gutenberg_show_text_before_share":"","sfsi_plus_gutenberg_icon_type":"","sfsi_plus_gutenberg_icon_alignemt":"","sfsi_plus_gutenburg_max_per_row":"","footnotes":""},"categories":[11],"tags":[],"class_list":["post-55847","post","type-post","status-publish","format-standard","has-post-thumbnail","hentry","category-politica"],"_links":{"self":[{"href":"https:\/\/www.caririemacao.com\/1\/wp-json\/wp\/v2\/posts\/55847","targetHints":{"allow":["GET"]}}],"collection":[{"href":"https:\/\/www.caririemacao.com\/1\/wp-json\/wp\/v2\/posts"}],"about":[{"href":"https:\/\/www.caririemacao.com\/1\/wp-json\/wp\/v2\/types\/post"}],"author":[{"embeddable":true,"href":"https:\/\/www.caririemacao.com\/1\/wp-json\/wp\/v2\/users\/2"}],"replies":[{"embeddable":true,"href":"https:\/\/www.caririemacao.com\/1\/wp-json\/wp\/v2\/comments?post=55847"}],"version-history":[{"count":1,"href":"https:\/\/www.caririemacao.com\/1\/wp-json\/wp\/v2\/posts\/55847\/revisions"}],"predecessor-version":[{"id":55849,"href":"https:\/\/www.caririemacao.com\/1\/wp-json\/wp\/v2\/posts\/55847\/revisions\/55849"}],"wp:featuredmedia":[{"embeddable":true,"href":"https:\/\/www.caririemacao.com\/1\/wp-json\/wp\/v2\/media\/55848"}],"wp:attachment":[{"href":"https:\/\/www.caririemacao.com\/1\/wp-json\/wp\/v2\/media?parent=55847"}],"wp:term":[{"taxonomy":"category","embeddable":true,"href":"https:\/\/www.caririemacao.com\/1\/wp-json\/wp\/v2\/categories?post=55847"},{"taxonomy":"post_tag","embeddable":true,"href":"https:\/\/www.caririemacao.com\/1\/wp-json\/wp\/v2\/tags?post=55847"}],"curies":[{"name":"wp","href":"https:\/\/api.w.org\/{rel}","templated":true}]}}