{"id":55850,"date":"2018-07-01T08:34:10","date_gmt":"2018-07-01T11:34:10","guid":{"rendered":"http:\/\/caririemacao.com\/1\/?p=55850"},"modified":"2018-07-01T08:37:51","modified_gmt":"2018-07-01T11:37:51","slug":"psdb-mineiro-vai-pedir-impugnacao-da-candidatura-de-dilma-ao-senado","status":"publish","type":"post","link":"https:\/\/www.caririemacao.com\/1\/2018\/07\/01\/psdb-mineiro-vai-pedir-impugnacao-da-candidatura-de-dilma-ao-senado\/","title":{"rendered":"PSDB mineiro vai pedir impugna\u00e7\u00e3o da candidatura de Dilma ao Senado"},"content":{"rendered":"<p><span class=\"news_capital_letter\">O\u00a0<\/span>presidente do PSDB em Minas Gerais, Domingos S\u00e1vio, declarou que pretende questionar a candidatura da ex-presidente Dilma Rousseff ao Senado. A petista\u00a0confirmou ser pr\u00e9-candidata nesta semana. De acordo com a coluna do Estad\u00e3o, os tucanos devem cobrar que a legisla\u00e7\u00e3o do impeachment seja cumprida e pedir perda dos direitos pol\u00edticos da ex-presidente. O acordo feito no Senado no dia da cassa\u00e7\u00e3o, que cortou essa parte da puni\u00e7\u00e3o, n\u00e3o seria suficiente para garantir sua candidatura, defendem a sigla.<\/p>\n<p>S\u00e1vio acredita que o pr\u00f3prio Minist\u00e9rio P\u00fablico Eleitoral (MPE) recomende a impugna\u00e7\u00e3o da candidatura. Caso o \u00f3rg\u00e3o n\u00e3o se manifeste, o PSDB far\u00e1 o pedido.<\/p>\n<p>Ainda de acordo com a publica\u00e7\u00e3o, menos um ministro do Tribunal Superior Elitoral (TSE) e um do Supremo Tribunal Federal (STF) apoiam a opini\u00e3o dos tucanos de que a \u201cdecis\u00e3o do Senado n\u00e3o redime a petista da condena\u00e7\u00e3o\u201d.<\/p>\n<p><strong>CARIRI EM A\u00c7\u00c3O<\/strong><\/p>\n<p>Com Noticia ao minuto\/Foto: Reprodu\u00e7\u00e3o Interne<\/p>\n<p>Leia mais not\u00edcias em\u00a0<a href=\"http:\/\/www.caririemacao.com\/\">caririemacao.com<\/a>, siga nossa p\u00e1gina no\u00a0<a href=\"https:\/\/www.facebook.com\/CaririEmAcao\/?ref=aymt_homepage_panel\">Facebook<\/a>,\u00a0<a href=\"https:\/\/www.instagram.com\/cariri_em_acao\/?hl=pt-br\">Instagram<\/a>\u00a0e\u00a0<a href=\"https:\/\/www.youtube.com\/channel\/UCAptA0jQuYQy8vMhLt2m4qg\">Youtube<\/a>\u00a0e veja nossas mat\u00e9rias, v\u00eddeos e fotos. Voc\u00ea tamb\u00e9m pode enviar informa\u00e7\u00f5es \u00e0 Reda\u00e7\u00e3o do Portal Cariri em A\u00e7\u00e3o pelo WhatsApp (83) 9 9634.5791, (83) 9 9601-1162.<\/p>\n","protected":false},"excerpt":{"rendered":"<p>O\u00a0presidente do PSDB em Minas Gerais, Domingos S\u00e1vio, declarou que pretende questionar a candidatura da ex-presidente Dilma Rousseff ao Senado. A petista\u00a0confirmou ser pr\u00e9-candidata nesta&hellip; <\/p>\n","protected":false},"author":2,"featured_media":55851,"comment_status":"closed","ping_status":"closed","sticky":false,"template":"","format":"standard","meta":{"sfsi_plus_gutenberg_text_before_share":"","sfsi_plus_gutenberg_show_text_before_share":"","sfsi_plus_gutenberg_icon_type":"","sfsi_plus_gutenberg_icon_alignemt":"","sfsi_plus_gutenburg_max_per_row":"","footnotes":""},"categories":[1],"tags":[],"class_list":["post-55850","post","type-post","status-publish","format-standard","has-post-thumbnail","hentry","category-o-site"],"_links":{"self":[{"href":"https:\/\/www.caririemacao.com\/1\/wp-json\/wp\/v2\/posts\/55850","targetHints":{"allow":["GET"]}}],"collection":[{"href":"https:\/\/www.caririemacao.com\/1\/wp-json\/wp\/v2\/posts"}],"about":[{"href":"https:\/\/www.caririemacao.com\/1\/wp-json\/wp\/v2\/types\/post"}],"author":[{"embeddable":true,"href":"https:\/\/www.caririemacao.com\/1\/wp-json\/wp\/v2\/users\/2"}],"replies":[{"embeddable":true,"href":"https:\/\/www.caririemacao.com\/1\/wp-json\/wp\/v2\/comments?post=55850"}],"version-history":[{"count":1,"href":"https:\/\/www.caririemacao.com\/1\/wp-json\/wp\/v2\/posts\/55850\/revisions"}],"predecessor-version":[{"id":55852,"href":"https:\/\/www.caririemacao.com\/1\/wp-json\/wp\/v2\/posts\/55850\/revisions\/55852"}],"wp:featuredmedia":[{"embeddable":true,"href":"https:\/\/www.caririemacao.com\/1\/wp-json\/wp\/v2\/media\/55851"}],"wp:attachment":[{"href":"https:\/\/www.caririemacao.com\/1\/wp-json\/wp\/v2\/media?parent=55850"}],"wp:term":[{"taxonomy":"category","embeddable":true,"href":"https:\/\/www.caririemacao.com\/1\/wp-json\/wp\/v2\/categories?post=55850"},{"taxonomy":"post_tag","embeddable":true,"href":"https:\/\/www.caririemacao.com\/1\/wp-json\/wp\/v2\/tags?post=55850"}],"curies":[{"name":"wp","href":"https:\/\/api.w.org\/{rel}","templated":true}]}}