{"id":55853,"date":"2018-07-01T08:36:23","date_gmt":"2018-07-01T11:36:23","guid":{"rendered":"http:\/\/caririemacao.com\/1\/?p=55853"},"modified":"2018-07-01T08:36:23","modified_gmt":"2018-07-01T11:36:23","slug":"bolsonaro-ja-defendeu-reducao-da-licenca-maternidade","status":"publish","type":"post","link":"https:\/\/www.caririemacao.com\/1\/2018\/07\/01\/bolsonaro-ja-defendeu-reducao-da-licenca-maternidade\/","title":{"rendered":"Bolsonaro j\u00e1 defendeu redu\u00e7\u00e3o da licen\u00e7a-maternidade"},"content":{"rendered":"<p><span class=\"news_capital_letter\">O\u00a0<\/span>pr\u00e9-candidato \u00e0 Presid\u00eancia pelo PSL, Jair Bolsonaro, defendeu em 1993 a redu\u00e7\u00e3o da licen\u00e7a-meternidade de 120 dias, garantida pela Constitui\u00e7\u00e3o de 1988. \u00c0 \u00e9poca, o deputado federal era filiado ao PPR do Rio.<\/p>\n<p>As informa\u00e7\u00f5es, publicadas pelo site da revista Veja, constam no Departamento Intersindical de Assessoria Parlamentar (Diap), \u00f3rg\u00e3o que entrevistou parlamentares e produziu uma s\u00e9rie de livros durante o per\u00edodo de discuss\u00f5es da reforma da Constitui\u00e7\u00e3o.<\/p>\n<p>Bolsonaro, que se definia como um social-democrata de centro, tamb\u00e9m defendeu privatiza\u00e7\u00e3o parcial\u201d da previd\u00eancia social p\u00fablica nos anos 1990. Al\u00e9m disso, o parlamentar se dizia favor\u00e1vel \u00e0 edi\u00e7\u00e3o de medidas provis\u00f3rias \u201ccom maior rigor\u201d e era contra a reelei\u00e7\u00e3o de Presidente da Rep\u00fablica.<\/p>\n<p>Procurada pela reportagem, a assessoria do pr\u00e9-candidato afirmou que ele estava viajando e que n\u00e3o comentaria o assunto.<\/p>\n<p><strong>CARIRI EM A\u00c7\u00c3O<\/strong><\/p>\n<p>Com Noticia ao Minuto\/Foto: Reprodu\u00e7\u00e3o Interne<\/p>\n<p>Leia mais not\u00edcias em\u00a0<a href=\"http:\/\/www.caririemacao.com\/\">caririemacao.com<\/a>, siga nossa p\u00e1gina no\u00a0<a href=\"https:\/\/www.facebook.com\/CaririEmAcao\/?ref=aymt_homepage_panel\">Facebook<\/a>,\u00a0<a href=\"https:\/\/www.instagram.com\/cariri_em_acao\/?hl=pt-br\">Instagram<\/a>\u00a0e\u00a0<a href=\"https:\/\/www.youtube.com\/channel\/UCAptA0jQuYQy8vMhLt2m4qg\">Youtube<\/a>\u00a0e veja nossas mat\u00e9rias, v\u00eddeos e fotos. Voc\u00ea tamb\u00e9m pode enviar informa\u00e7\u00f5es \u00e0 Reda\u00e7\u00e3o do Portal Cariri em A\u00e7\u00e3o pelo WhatsApp (83) 9 9634.5791, (83) 9 9601-1162.<\/p>\n","protected":false},"excerpt":{"rendered":"<p>O\u00a0pr\u00e9-candidato \u00e0 Presid\u00eancia pelo PSL, Jair Bolsonaro, defendeu em 1993 a redu\u00e7\u00e3o da licen\u00e7a-meternidade de 120 dias, garantida pela Constitui\u00e7\u00e3o de 1988. \u00c0 \u00e9poca, o&hellip; <\/p>\n","protected":false},"author":2,"featured_media":55854,"comment_status":"closed","ping_status":"closed","sticky":false,"template":"","format":"standard","meta":{"sfsi_plus_gutenberg_text_before_share":"","sfsi_plus_gutenberg_show_text_before_share":"","sfsi_plus_gutenberg_icon_type":"","sfsi_plus_gutenberg_icon_alignemt":"","sfsi_plus_gutenburg_max_per_row":"","footnotes":""},"categories":[11],"tags":[],"class_list":["post-55853","post","type-post","status-publish","format-standard","has-post-thumbnail","hentry","category-politica"],"_links":{"self":[{"href":"https:\/\/www.caririemacao.com\/1\/wp-json\/wp\/v2\/posts\/55853","targetHints":{"allow":["GET"]}}],"collection":[{"href":"https:\/\/www.caririemacao.com\/1\/wp-json\/wp\/v2\/posts"}],"about":[{"href":"https:\/\/www.caririemacao.com\/1\/wp-json\/wp\/v2\/types\/post"}],"author":[{"embeddable":true,"href":"https:\/\/www.caririemacao.com\/1\/wp-json\/wp\/v2\/users\/2"}],"replies":[{"embeddable":true,"href":"https:\/\/www.caririemacao.com\/1\/wp-json\/wp\/v2\/comments?post=55853"}],"version-history":[{"count":1,"href":"https:\/\/www.caririemacao.com\/1\/wp-json\/wp\/v2\/posts\/55853\/revisions"}],"predecessor-version":[{"id":55855,"href":"https:\/\/www.caririemacao.com\/1\/wp-json\/wp\/v2\/posts\/55853\/revisions\/55855"}],"wp:featuredmedia":[{"embeddable":true,"href":"https:\/\/www.caririemacao.com\/1\/wp-json\/wp\/v2\/media\/55854"}],"wp:attachment":[{"href":"https:\/\/www.caririemacao.com\/1\/wp-json\/wp\/v2\/media?parent=55853"}],"wp:term":[{"taxonomy":"category","embeddable":true,"href":"https:\/\/www.caririemacao.com\/1\/wp-json\/wp\/v2\/categories?post=55853"},{"taxonomy":"post_tag","embeddable":true,"href":"https:\/\/www.caririemacao.com\/1\/wp-json\/wp\/v2\/tags?post=55853"}],"curies":[{"name":"wp","href":"https:\/\/api.w.org\/{rel}","templated":true}]}}