{"id":55887,"date":"2018-07-01T09:36:23","date_gmt":"2018-07-01T12:36:23","guid":{"rendered":"http:\/\/caririemacao.com\/1\/?p=55887"},"modified":"2018-07-01T09:36:23","modified_gmt":"2018-07-01T12:36:23","slug":"mexico-mostra-confianca-no-twitter-ja-sabemos-o-que-e-ganhar-do-brasil","status":"publish","type":"post","link":"https:\/\/www.caririemacao.com\/1\/2018\/07\/01\/mexico-mostra-confianca-no-twitter-ja-sabemos-o-que-e-ganhar-do-brasil\/","title":{"rendered":"M\u00e9xico mostra confian\u00e7a no Twitter: &#8216;J\u00e1 sabemos o que \u00e9 ganhar do Brasil&#8217;"},"content":{"rendered":"<p>A sele\u00e7\u00e3o mexicana usou em seu Twitter vit\u00f3rias antigas contra o Brasil para exemplificar uma poss\u00edvel classifica\u00e7\u00e3o \u00e0s quartas de final da Copa do Mundo.<\/p>\n<p>As duas equipes se enfrentam nesta segunda (02), \u00e0s 11h, em Samara, valendo uma vaga na pr\u00f3xima fase do Mundial da R\u00fassia.<\/p>\n<p>&#8220;J\u00e1 sabemos o que \u00e9 ganhar do Brasil em momentos importantes. Hoje, mais do que nunca, \u00e9 o momento de nos unirmos para sermos mais fortes e demonstrarmos que, na R\u00fassia, nada pode nos deter&#8221;, publicou a sele\u00e7\u00e3o, juntamente com uma foto do time vencedor do Jogos Ol\u00edmpicos em 2012.<\/p>\n<p>Na ocasi\u00e3o, os mexicanos venceram o Brasil por 2 a 1.<\/p>\n<p><strong>CARIRI EM A\u00c7\u00c3O<\/strong><\/p>\n<p>Com R7\/Foto: R7<\/p>\n<p>Leia mais not\u00edcias em\u00a0<a href=\"http:\/\/www.caririemacao.com\/\">caririemacao.com<\/a>, siga nossa p\u00e1gina no\u00a0<a href=\"https:\/\/www.facebook.com\/CaririEmAcao\/?ref=aymt_homepage_panel\">Facebook<\/a>,\u00a0<a href=\"https:\/\/www.instagram.com\/cariri_em_acao\/?hl=pt-br\">Instagram<\/a>\u00a0e\u00a0<a href=\"https:\/\/www.youtube.com\/channel\/UCAptA0jQuYQy8vMhLt2m4qg\">Youtube<\/a>\u00a0e veja nossas mat\u00e9rias, v\u00eddeos e fotos. Voc\u00ea tamb\u00e9m pode enviar informa\u00e7\u00f5es \u00e0 Reda\u00e7\u00e3o do Portal Cariri em A\u00e7\u00e3o pelo WhatsApp (83) 9 9634.5791, (83) 9 9601-1162.<\/p>\n","protected":false},"excerpt":{"rendered":"<p>A sele\u00e7\u00e3o mexicana usou em seu Twitter vit\u00f3rias antigas contra o Brasil para exemplificar uma poss\u00edvel classifica\u00e7\u00e3o \u00e0s quartas de final da Copa do Mundo.&hellip; <\/p>\n","protected":false},"author":2,"featured_media":55888,"comment_status":"closed","ping_status":"closed","sticky":false,"template":"","format":"standard","meta":{"sfsi_plus_gutenberg_text_before_share":"","sfsi_plus_gutenberg_show_text_before_share":"","sfsi_plus_gutenberg_icon_type":"","sfsi_plus_gutenberg_icon_alignemt":"","sfsi_plus_gutenburg_max_per_row":"","footnotes":""},"categories":[13],"tags":[],"class_list":["post-55887","post","type-post","status-publish","format-standard","has-post-thumbnail","hentry","category-esportes"],"_links":{"self":[{"href":"https:\/\/www.caririemacao.com\/1\/wp-json\/wp\/v2\/posts\/55887","targetHints":{"allow":["GET"]}}],"collection":[{"href":"https:\/\/www.caririemacao.com\/1\/wp-json\/wp\/v2\/posts"}],"about":[{"href":"https:\/\/www.caririemacao.com\/1\/wp-json\/wp\/v2\/types\/post"}],"author":[{"embeddable":true,"href":"https:\/\/www.caririemacao.com\/1\/wp-json\/wp\/v2\/users\/2"}],"replies":[{"embeddable":true,"href":"https:\/\/www.caririemacao.com\/1\/wp-json\/wp\/v2\/comments?post=55887"}],"version-history":[{"count":1,"href":"https:\/\/www.caririemacao.com\/1\/wp-json\/wp\/v2\/posts\/55887\/revisions"}],"predecessor-version":[{"id":55889,"href":"https:\/\/www.caririemacao.com\/1\/wp-json\/wp\/v2\/posts\/55887\/revisions\/55889"}],"wp:featuredmedia":[{"embeddable":true,"href":"https:\/\/www.caririemacao.com\/1\/wp-json\/wp\/v2\/media\/55888"}],"wp:attachment":[{"href":"https:\/\/www.caririemacao.com\/1\/wp-json\/wp\/v2\/media?parent=55887"}],"wp:term":[{"taxonomy":"category","embeddable":true,"href":"https:\/\/www.caririemacao.com\/1\/wp-json\/wp\/v2\/categories?post=55887"},{"taxonomy":"post_tag","embeddable":true,"href":"https:\/\/www.caririemacao.com\/1\/wp-json\/wp\/v2\/tags?post=55887"}],"curies":[{"name":"wp","href":"https:\/\/api.w.org\/{rel}","templated":true}]}}