{"id":55902,"date":"2018-07-01T10:44:22","date_gmt":"2018-07-01T13:44:22","guid":{"rendered":"http:\/\/caririemacao.com\/1\/?p=55902"},"modified":"2018-07-01T10:57:50","modified_gmt":"2018-07-01T13:57:50","slug":"presos-fogem-da-cadeia-de-sume","status":"publish","type":"post","link":"https:\/\/www.caririemacao.com\/1\/2018\/07\/01\/presos-fogem-da-cadeia-de-sume\/","title":{"rendered":"Presos fogem da Cadeia de Sum\u00e9"},"content":{"rendered":"<p>De acordo com as informa\u00e7\u00f5es dois presos fugiram na manh\u00e3 deste domingo, dia 01, da cadeia p\u00fablica da cidade de Sum\u00e9.<\/p>\n<p>Os fugitivos s\u00e3o Felipe Ferreira de Sousa, condenado por homic\u00eddio e Maciel Oliveira da Silva, preso provisoriamente e suspeito de ter dado tiros no centro de Sum\u00e9. O Maciel j\u00e1 teria sido julgado por homic\u00eddio, mas foi absorvido pelo juri popular em Sum\u00e9.<\/p>\n<p>Os dois presos usaram uma corda para pular o pr\u00e9dio da cadeia. H\u00e1 informa\u00e7\u00f5es de que a corda teria sido jogada de fora para dentro do pr\u00e9dio. Eles estavam no banho de sol.<\/p>\n<p><strong>CARIRI EM A\u00c7\u00c3O<\/strong><\/p>\n<p>Leia mais not\u00edcias em\u00a0<a href=\"http:\/\/www.caririemacao.com\/\">caririemacao.com<\/a>, siga nossa p\u00e1gina no\u00a0<a href=\"https:\/\/www.facebook.com\/CaririEmAcao\/?ref=aymt_homepage_panel\">Facebook<\/a>,\u00a0<a href=\"https:\/\/www.instagram.com\/cariri_em_acao\/?hl=pt-br\">Instagram<\/a>\u00a0e\u00a0<a href=\"https:\/\/www.youtube.com\/channel\/UCAptA0jQuYQy8vMhLt2m4qg\">Youtube<\/a>\u00a0e veja nossas mat\u00e9rias, v\u00eddeos e fotos. Voc\u00ea tamb\u00e9m pode enviar informa\u00e7\u00f5es \u00e0 Reda\u00e7\u00e3o do Portal Cariri em A\u00e7\u00e3o pelo WhatsApp (83) 9 9634.5791, (83) 9 9601-1162.<\/p>\n","protected":false},"excerpt":{"rendered":"<p>De acordo com as informa\u00e7\u00f5es dois presos fugiram na manh\u00e3 deste domingo, dia 01, da cadeia p\u00fablica da cidade de Sum\u00e9. Os fugitivos s\u00e3o Felipe&hellip; <\/p>\n","protected":false},"author":2,"featured_media":55905,"comment_status":"closed","ping_status":"closed","sticky":false,"template":"","format":"standard","meta":{"sfsi_plus_gutenberg_text_before_share":"","sfsi_plus_gutenberg_show_text_before_share":"","sfsi_plus_gutenberg_icon_type":"","sfsi_plus_gutenberg_icon_alignemt":"","sfsi_plus_gutenburg_max_per_row":"","footnotes":""},"categories":[12],"tags":[],"class_list":["post-55902","post","type-post","status-publish","format-standard","has-post-thumbnail","hentry","category-policia"],"_links":{"self":[{"href":"https:\/\/www.caririemacao.com\/1\/wp-json\/wp\/v2\/posts\/55902","targetHints":{"allow":["GET"]}}],"collection":[{"href":"https:\/\/www.caririemacao.com\/1\/wp-json\/wp\/v2\/posts"}],"about":[{"href":"https:\/\/www.caririemacao.com\/1\/wp-json\/wp\/v2\/types\/post"}],"author":[{"embeddable":true,"href":"https:\/\/www.caririemacao.com\/1\/wp-json\/wp\/v2\/users\/2"}],"replies":[{"embeddable":true,"href":"https:\/\/www.caririemacao.com\/1\/wp-json\/wp\/v2\/comments?post=55902"}],"version-history":[{"count":5,"href":"https:\/\/www.caririemacao.com\/1\/wp-json\/wp\/v2\/posts\/55902\/revisions"}],"predecessor-version":[{"id":55916,"href":"https:\/\/www.caririemacao.com\/1\/wp-json\/wp\/v2\/posts\/55902\/revisions\/55916"}],"wp:featuredmedia":[{"embeddable":true,"href":"https:\/\/www.caririemacao.com\/1\/wp-json\/wp\/v2\/media\/55905"}],"wp:attachment":[{"href":"https:\/\/www.caririemacao.com\/1\/wp-json\/wp\/v2\/media?parent=55902"}],"wp:term":[{"taxonomy":"category","embeddable":true,"href":"https:\/\/www.caririemacao.com\/1\/wp-json\/wp\/v2\/categories?post=55902"},{"taxonomy":"post_tag","embeddable":true,"href":"https:\/\/www.caririemacao.com\/1\/wp-json\/wp\/v2\/tags?post=55902"}],"curies":[{"name":"wp","href":"https:\/\/api.w.org\/{rel}","templated":true}]}}