{"id":56131,"date":"2018-07-03T12:17:30","date_gmt":"2018-07-03T15:17:30","guid":{"rendered":"http:\/\/caririemacao.com\/1\/?p=56131"},"modified":"2018-07-03T12:17:30","modified_gmt":"2018-07-03T15:17:30","slug":"democracia-vive-declinio-no-brasil-e-em-23-paises-diz-estudo","status":"publish","type":"post","link":"https:\/\/www.caririemacao.com\/1\/2018\/07\/03\/democracia-vive-declinio-no-brasil-e-em-23-paises-diz-estudo\/","title":{"rendered":"Democracia vive decl\u00ednio no Brasil e em 23 pa\u00edses, diz estudo"},"content":{"rendered":"<p class=\"text\">Mais de 2,5 bilh\u00f5es de pessoas \u2013 quase um ter\u00e7o da popula\u00e7\u00e3o mundial \u2014 vivem em pa\u00edses onde a democracia est\u00e1 em decl\u00ednio. A conclus\u00e3o \u00e9 de um estudo conduzido pela\u00a0Universidade sueca de Gotemburgo\u00a0que aponta que, no ano passado, houve um decl\u00ednio na democracia em 24 pa\u00edses, incluindo\u00a0Brasil,\u00a0Estados Unidos\u00a0e\u00a0\u00cdndia. A pesquisa, apoiada por tr\u00eas mil especialistas em 202 pa\u00edses, revela que, nos \u00faltimos seis anos, houve um retrocesso global de pelo menos 25 anos, voltando ao n\u00edvel democr\u00e1tico registrado logo depois do fim da\u00a0Uni\u00e3o Sovi\u00e9tica, em 1991.<\/p>\n<div class=\"related-news-shell\">\n<div class=\"related-news anchor-right border-news \">Al\u00e9m disso, o estudo identificou que as maiores amea\u00e7as s\u00e3o \u00e0 autonomia dos meios de comunica\u00e7\u00e3o, \u00e0 liberdade de express\u00e3o e ao estado de direito. Para a Universidade sueca, os resultados s\u00e3o \u201crealmente inquietantes\u201d, e o decl\u00ednio representa a redu\u00e7\u00e3o de direitos e liberdades em pa\u00edses que est\u00e3o entre os mais importantes e populosos do mundo.<\/div>\n<\/div>\n<div><\/div>\n<div>\n<p class=\"text\">De acordo com os estudiosos, existe uma tend\u00eancia \u00e0 autocratiza\u00e7\u00e3o \u2013 perda de legitimidade da democracia com a viola\u00e7\u00e3o dos crit\u00e9rios b\u00e1sicos como liberdade, transpar\u00eancia e rotatividade-, \u201cque parece ocorrer principalmente nas regi\u00f5es mais democr\u00e1ticas do mundo\u201d. \u201cMesmo que a maioria das pessoas viva em democracias em 2017, ela diminuiu nos pa\u00edses que abrigam cerca de um ter\u00e7o da popula\u00e7\u00e3o mundial\u201d, destacou o estudo.<\/p>\n<p class=\"text\">A\u00a0\u00c1frica subsaariana\u00a0\u00e9 a \u00fanica regi\u00e3o que vai na contram\u00e3o dessa tend\u00eancia e mostra um pequeno aumento da democracia em toda a regi\u00e3o. Por outro lado, as an\u00e1lises indicam que, em alguns pa\u00edses que gozam de democracia em \u201cboa sa\u00fade\u201d, certas parcelas da popula\u00e7\u00e3o, como mulheres e os mais pobres, est\u00e3o em desvantagem quando se fala em acesso ao poder pol\u00edtico. O acesso igualit\u00e1rio, em termos de g\u00eanero e status socioecon\u00f4mico, verifica-se em pa\u00edses que hospedam apenas 15% da popula\u00e7\u00e3o mundial.<\/p>\n<div id=\"advCard3\" class=\"advertising impactAdv visible\">\n<div id=\"s3--wrapper\">\n<p class=\"text\">A\u00a0Europa Ocidental\u00a0e a\u00a0Am\u00e9rica do Norte\u00a0tamb\u00e9m retrocederam a n\u00edveis de 40 anos atr\u00e1s, em termos de democracia liberal, no que tange a separa\u00e7\u00e3o dos poderes\u00a0Legislativo,\u00a0Executivo\u00a0e\u00a0Judici\u00e1rio. Tr\u00eas pot\u00eancias emergentes entre as na\u00e7\u00f5es dos\u00a0Brics\u00a0tamb\u00e9m registram retrocessos significativos: Brasil, R\u00fassia e \u00cdndia. J\u00e1 entre os pa\u00edses da\u00a0Europa do Leste,\u00a0Pol\u00f4nia\u00a0e\u00a0Hungria\u00a0apresentaram decl\u00ednio.<\/p>\n<p><strong>CARIRI EM A\u00c7\u00c3O<\/strong><\/p>\n<p>Com Para\u00edba Debate com ANSA \/Foto: Reprodu\u00e7\u00e3o Internet<\/p>\n<p>Leia mais not\u00edcias em\u00a0<a href=\"http:\/\/www.caririemacao.com\/\">caririemacao.com<\/a>, siga nossa p\u00e1gina no\u00a0<a href=\"https:\/\/www.facebook.com\/CaririEmAcao\/?ref=aymt_homepage_panel\">Facebook<\/a>,\u00a0<a href=\"https:\/\/www.instagram.com\/cariri_em_acao\/?hl=pt-br\">Instagram<\/a>\u00a0e <a href=\"https:\/\/www.youtube.com\/channel\/UCAptA0jQuYQy8vMhLt2m4qg\">Youtube<\/a>\u00a0e veja nossas mat\u00e9rias, v\u00eddeos e fotos. Voc\u00ea tamb\u00e9m pode enviar informa\u00e7\u00f5es \u00e0 Reda\u00e7\u00e3o do Portal Cariri em A\u00e7\u00e3o pelo WhatsApp (83) 9 9634.5791, (83) 9 9601-1162.<\/p>\n<\/div>\n<\/div>\n<\/div>\n","protected":false},"excerpt":{"rendered":"<p>Mais de 2,5 bilh\u00f5es de pessoas \u2013 quase um ter\u00e7o da popula\u00e7\u00e3o mundial \u2014 vivem em pa\u00edses onde a democracia est\u00e1 em decl\u00ednio. A conclus\u00e3o&hellip; <\/p>\n","protected":false},"author":1,"featured_media":56132,"comment_status":"closed","ping_status":"closed","sticky":false,"template":"","format":"standard","meta":{"sfsi_plus_gutenberg_text_before_share":"","sfsi_plus_gutenberg_show_text_before_share":"","sfsi_plus_gutenberg_icon_type":"","sfsi_plus_gutenberg_icon_alignemt":"","sfsi_plus_gutenburg_max_per_row":"","footnotes":""},"categories":[11],"tags":[],"class_list":["post-56131","post","type-post","status-publish","format-standard","has-post-thumbnail","hentry","category-politica"],"_links":{"self":[{"href":"https:\/\/www.caririemacao.com\/1\/wp-json\/wp\/v2\/posts\/56131","targetHints":{"allow":["GET"]}}],"collection":[{"href":"https:\/\/www.caririemacao.com\/1\/wp-json\/wp\/v2\/posts"}],"about":[{"href":"https:\/\/www.caririemacao.com\/1\/wp-json\/wp\/v2\/types\/post"}],"author":[{"embeddable":true,"href":"https:\/\/www.caririemacao.com\/1\/wp-json\/wp\/v2\/users\/1"}],"replies":[{"embeddable":true,"href":"https:\/\/www.caririemacao.com\/1\/wp-json\/wp\/v2\/comments?post=56131"}],"version-history":[{"count":1,"href":"https:\/\/www.caririemacao.com\/1\/wp-json\/wp\/v2\/posts\/56131\/revisions"}],"predecessor-version":[{"id":56133,"href":"https:\/\/www.caririemacao.com\/1\/wp-json\/wp\/v2\/posts\/56131\/revisions\/56133"}],"wp:featuredmedia":[{"embeddable":true,"href":"https:\/\/www.caririemacao.com\/1\/wp-json\/wp\/v2\/media\/56132"}],"wp:attachment":[{"href":"https:\/\/www.caririemacao.com\/1\/wp-json\/wp\/v2\/media?parent=56131"}],"wp:term":[{"taxonomy":"category","embeddable":true,"href":"https:\/\/www.caririemacao.com\/1\/wp-json\/wp\/v2\/categories?post=56131"},{"taxonomy":"post_tag","embeddable":true,"href":"https:\/\/www.caririemacao.com\/1\/wp-json\/wp\/v2\/tags?post=56131"}],"curies":[{"name":"wp","href":"https:\/\/api.w.org\/{rel}","templated":true}]}}