{"id":56303,"date":"2018-07-04T23:45:12","date_gmt":"2018-07-05T02:45:12","guid":{"rendered":"http:\/\/caririemacao.com\/1\/?p=56303"},"modified":"2018-07-04T23:45:12","modified_gmt":"2018-07-05T02:45:12","slug":"fip-oferece-cursos-de-pos-graduacao-em-monteiro-confira-quais-sao-os-cursos","status":"publish","type":"post","link":"https:\/\/www.caririemacao.com\/1\/2018\/07\/04\/fip-oferece-cursos-de-pos-graduacao-em-monteiro-confira-quais-sao-os-cursos\/","title":{"rendered":"FIP oferece cursos de p\u00f3s gradua\u00e7\u00e3o em Monteiro; Confira quais s\u00e3o os cursos"},"content":{"rendered":"<p>O Cariri Paraibano agora conta com a mais conceituada institui\u00e7\u00e3o de ensino da Para\u00edba, FIP &#8211; \u00a0Faculdade Integrada de Patos est\u00e1 trazendo para a cidade de Monteiro v\u00e1rios cursos de p\u00f3s gradua\u00e7\u00f5es.<\/p>\n<p>De acordo com a dire\u00e7\u00e3o do polo Monteiro, a FIP est\u00e1 com a p\u00f3s gradua\u00e7\u00e3o nas \u00e1reas de engenharia e gest\u00e3o financeira.<\/p>\n<p><img fetchpriority=\"high\" decoding=\"async\" class=\"alignnone wp-image-56304 size-full\" src=\"http:\/\/caririemacao.com\/1\/wp-content\/uploads\/2018\/07\/WhatsApp-Image-2018-07-04-at-20.28.56-e1530758671587.jpeg\" alt=\"\" width=\"771\" height=\"790\" srcset=\"https:\/\/www.caririemacao.com\/1\/wp-content\/uploads\/2018\/07\/WhatsApp-Image-2018-07-04-at-20.28.56-e1530758671587.jpeg 771w, https:\/\/www.caririemacao.com\/1\/wp-content\/uploads\/2018\/07\/WhatsApp-Image-2018-07-04-at-20.28.56-e1530758671587-293x300.jpeg 293w, https:\/\/www.caririemacao.com\/1\/wp-content\/uploads\/2018\/07\/WhatsApp-Image-2018-07-04-at-20.28.56-e1530758671587-768x787.jpeg 768w\" sizes=\"(max-width: 771px) 100vw, 771px\" \/><\/p>\n<p>As matr\u00edculas j\u00e1 est\u00e3o abertas em Monteiro. Confira os dias das matr\u00edculas:<\/p>\n<ul>\n<li>07 de julho &#8211; Seguran\u00e7a no Trabalho<\/li>\n<li>21 de julho &#8211; Gerenciamento de Obras<\/li>\n<li>11 de agosto &#8211; Gest\u00e3o Financeira<\/li>\n<\/ul>\n<p>Vale destacar que as P\u00f3s gradua\u00e7\u00f5es ter\u00e3o dura\u00e7\u00e3o de 20 meses com aulas quinzenais em um espa\u00e7o confort\u00e1vel e professores totalmente especializados.<\/p>\n<p>Conhe\u00e7a os cursos FIP &#8211; \u00a0Faculdade Integrada de Patos. Matr\u00edculas e informa\u00e7\u00f5es: (83) 9 9974.9718.<\/p>\n<p><strong>CARIRI EM A\u00c7\u00c3O<\/strong><\/p>\n<p>Leia mais not\u00edcias em\u00a0<a style=\"font-style: inherit; font-weight: inherit;\" href=\"http:\/\/www.caririemacao.com\/\">caririemacao.com<\/a>, siga nossa p\u00e1gina no\u00a0<a style=\"font-style: inherit; font-weight: inherit;\" href=\"https:\/\/www.facebook.com\/CaririEmAcao\/?ref=aymt_homepage_panel\">Facebook<\/a>,\u00a0<a style=\"font-style: inherit; font-weight: inherit;\" href=\"https:\/\/www.instagram.com\/cariri_em_acao\/?hl=pt-br\">Instagram<\/a>\u00a0e\u00a0<a style=\"font-style: inherit; font-weight: inherit;\" href=\"https:\/\/www.youtube.com\/channel\/UCAptA0jQuYQy8vMhLt2m4qg\">Youtube<\/a>\u00a0e veja nossas mat\u00e9rias, v\u00eddeos e fotos. Voc\u00ea tamb\u00e9m pode enviar informa\u00e7\u00f5es \u00e0 Reda\u00e7\u00e3o do Portal Cariri em A\u00e7\u00e3o pelo WhatsApp (83) 9 9634.5791, (83) 9 9601-1162.<\/p>\n","protected":false},"excerpt":{"rendered":"<p>O Cariri Paraibano agora conta com a mais conceituada institui\u00e7\u00e3o de ensino da Para\u00edba, FIP &#8211; \u00a0Faculdade Integrada de Patos est\u00e1 trazendo para a cidade&hellip; <\/p>\n","protected":false},"author":2,"featured_media":56305,"comment_status":"closed","ping_status":"closed","sticky":false,"template":"","format":"standard","meta":{"sfsi_plus_gutenberg_text_before_share":"","sfsi_plus_gutenberg_show_text_before_share":"","sfsi_plus_gutenberg_icon_type":"","sfsi_plus_gutenberg_icon_alignemt":"","sfsi_plus_gutenburg_max_per_row":"","footnotes":""},"categories":[14],"tags":[],"class_list":["post-56303","post","type-post","status-publish","format-standard","has-post-thumbnail","hentry","category-educacao"],"_links":{"self":[{"href":"https:\/\/www.caririemacao.com\/1\/wp-json\/wp\/v2\/posts\/56303","targetHints":{"allow":["GET"]}}],"collection":[{"href":"https:\/\/www.caririemacao.com\/1\/wp-json\/wp\/v2\/posts"}],"about":[{"href":"https:\/\/www.caririemacao.com\/1\/wp-json\/wp\/v2\/types\/post"}],"author":[{"embeddable":true,"href":"https:\/\/www.caririemacao.com\/1\/wp-json\/wp\/v2\/users\/2"}],"replies":[{"embeddable":true,"href":"https:\/\/www.caririemacao.com\/1\/wp-json\/wp\/v2\/comments?post=56303"}],"version-history":[{"count":1,"href":"https:\/\/www.caririemacao.com\/1\/wp-json\/wp\/v2\/posts\/56303\/revisions"}],"predecessor-version":[{"id":56306,"href":"https:\/\/www.caririemacao.com\/1\/wp-json\/wp\/v2\/posts\/56303\/revisions\/56306"}],"wp:featuredmedia":[{"embeddable":true,"href":"https:\/\/www.caririemacao.com\/1\/wp-json\/wp\/v2\/media\/56305"}],"wp:attachment":[{"href":"https:\/\/www.caririemacao.com\/1\/wp-json\/wp\/v2\/media?parent=56303"}],"wp:term":[{"taxonomy":"category","embeddable":true,"href":"https:\/\/www.caririemacao.com\/1\/wp-json\/wp\/v2\/categories?post=56303"},{"taxonomy":"post_tag","embeddable":true,"href":"https:\/\/www.caririemacao.com\/1\/wp-json\/wp\/v2\/tags?post=56303"}],"curies":[{"name":"wp","href":"https:\/\/api.w.org\/{rel}","templated":true}]}}