{"id":56315,"date":"2018-07-05T00:25:29","date_gmt":"2018-07-05T03:25:29","guid":{"rendered":"http:\/\/caririemacao.com\/1\/?p=56315"},"modified":"2018-07-05T00:25:29","modified_gmt":"2018-07-05T03:25:29","slug":"prefeito-anuncia-entrega-de-abrigo-de-onibus-em-sume-2","status":"publish","type":"post","link":"https:\/\/www.caririemacao.com\/1\/2018\/07\/05\/prefeito-anuncia-entrega-de-abrigo-de-onibus-em-sume-2\/","title":{"rendered":"Prefeito anuncia entrega de abrigo de \u00f4nibus\u00a0em Sum\u00e9"},"content":{"rendered":"<p>O prefeito de Sum\u00e9, \u00c9den Duarte, usou sua rede social para anunciar que em breve a popula\u00e7\u00e3o poder\u00e1 desfrutar de um confort\u00e1vel e moderno abrigo de \u00f4nibus.<\/p>\n<p>O abrigo de \u00f4nibus ser\u00e1 na sa\u00edda de Sum\u00e9 para Campina Grande e ser\u00e1 executado com recursos pr\u00f3prios, em mais uma a\u00e7\u00e3o do prefeito \u00c9den Duarte.<\/p>\n<p>O prefeito \u00c9den tamb\u00e9m informou que a obra do Centro de Eventos, localizada no bairro de V\u00e1rzea Redonda, foi retomada e ser\u00e1 entregue a popula\u00e7\u00e3o nestes pr\u00f3ximos meses .<\/p>\n<p><strong>CARIRI EM A\u00c7\u00c3O<\/strong><\/p>\n<p>Leia mais not\u00edcias em\u00a0<a style=\"font-style: inherit; font-weight: inherit;\" href=\"http:\/\/www.caririemacao.com\/\">caririemacao.com<\/a>, siga nossa p\u00e1gina no\u00a0<a style=\"font-style: inherit; font-weight: inherit;\" href=\"https:\/\/www.facebook.com\/CaririEmAcao\/?ref=aymt_homepage_panel\">Facebook<\/a>,\u00a0<a style=\"font-style: inherit; font-weight: inherit;\" href=\"https:\/\/www.instagram.com\/cariri_em_acao\/?hl=pt-br\">Instagram<\/a>\u00a0e\u00a0<a style=\"font-style: inherit; font-weight: inherit;\" href=\"https:\/\/www.youtube.com\/channel\/UCAptA0jQuYQy8vMhLt2m4qg\">Youtube<\/a>\u00a0e veja nossas mat\u00e9rias, v\u00eddeos e fotos. Voc\u00ea tamb\u00e9m pode enviar informa\u00e7\u00f5es \u00e0 Reda\u00e7\u00e3o do Portal Cariri em A\u00e7\u00e3o pelo WhatsApp (83) 9 9634.5791, (83) 9 9601-1162.<\/p>\n","protected":false},"excerpt":{"rendered":"<p>O prefeito de Sum\u00e9, \u00c9den Duarte, usou sua rede social para anunciar que em breve a popula\u00e7\u00e3o poder\u00e1 desfrutar de um confort\u00e1vel e moderno abrigo&hellip; <\/p>\n","protected":false},"author":2,"featured_media":56310,"comment_status":"closed","ping_status":"closed","sticky":false,"template":"","format":"standard","meta":{"sfsi_plus_gutenberg_text_before_share":"","sfsi_plus_gutenberg_show_text_before_share":"","sfsi_plus_gutenberg_icon_type":"","sfsi_plus_gutenberg_icon_alignemt":"","sfsi_plus_gutenburg_max_per_row":"","footnotes":""},"categories":[6],"tags":[],"class_list":["post-56315","post","type-post","status-publish","format-standard","has-post-thumbnail","hentry","category-cidades"],"_links":{"self":[{"href":"https:\/\/www.caririemacao.com\/1\/wp-json\/wp\/v2\/posts\/56315","targetHints":{"allow":["GET"]}}],"collection":[{"href":"https:\/\/www.caririemacao.com\/1\/wp-json\/wp\/v2\/posts"}],"about":[{"href":"https:\/\/www.caririemacao.com\/1\/wp-json\/wp\/v2\/types\/post"}],"author":[{"embeddable":true,"href":"https:\/\/www.caririemacao.com\/1\/wp-json\/wp\/v2\/users\/2"}],"replies":[{"embeddable":true,"href":"https:\/\/www.caririemacao.com\/1\/wp-json\/wp\/v2\/comments?post=56315"}],"version-history":[{"count":1,"href":"https:\/\/www.caririemacao.com\/1\/wp-json\/wp\/v2\/posts\/56315\/revisions"}],"predecessor-version":[{"id":56316,"href":"https:\/\/www.caririemacao.com\/1\/wp-json\/wp\/v2\/posts\/56315\/revisions\/56316"}],"wp:featuredmedia":[{"embeddable":true,"href":"https:\/\/www.caririemacao.com\/1\/wp-json\/wp\/v2\/media\/56310"}],"wp:attachment":[{"href":"https:\/\/www.caririemacao.com\/1\/wp-json\/wp\/v2\/media?parent=56315"}],"wp:term":[{"taxonomy":"category","embeddable":true,"href":"https:\/\/www.caririemacao.com\/1\/wp-json\/wp\/v2\/categories?post=56315"},{"taxonomy":"post_tag","embeddable":true,"href":"https:\/\/www.caririemacao.com\/1\/wp-json\/wp\/v2\/tags?post=56315"}],"curies":[{"name":"wp","href":"https:\/\/api.w.org\/{rel}","templated":true}]}}