{"id":56350,"date":"2018-07-05T05:44:57","date_gmt":"2018-07-05T08:44:57","guid":{"rendered":"http:\/\/caririemacao.com\/1\/?p=56350"},"modified":"2018-07-05T05:44:57","modified_gmt":"2018-07-05T08:44:57","slug":"para-jogo-contra-o-brasil-tecnico-da-belgica-promete-manter-filosofia-ofensiva","status":"publish","type":"post","link":"https:\/\/www.caririemacao.com\/1\/2018\/07\/05\/para-jogo-contra-o-brasil-tecnico-da-belgica-promete-manter-filosofia-ofensiva\/","title":{"rendered":"Para jogo contra o Brasil, t\u00e9cnico da B\u00e9lgica promete manter filosofia ofensiva"},"content":{"rendered":"<p>O t\u00e9cnico Roberto Mart\u00ednez afirmou nesta quarta-feira que n\u00e3o pensa em mudar a forma da\u00a0B\u00e9lgica\u00a0atuar para o jogo que acontecer\u00e1 daqui dois dias, com o\u00a0Brasil, pelas quartas de final da\u00a0Copa do Mundo.<\/p>\n<p>&#8220;N\u00e3o podemos mudar o que somos, e somos uma equipe ofensiva. Tanto o Brasil, quanto n\u00f3s, temos a caracter\u00edstica de marcar gols e buscar a vit\u00f3ria&#8221;, afirmou o comandante espanhol.<\/p>\n<p>&#8220;A sele\u00e7\u00e3o brasileira vai buscar a bola, mas a diferen\u00e7a ser\u00e1 o que cada um vai fazer com ela. Para enfrentar o Brasil, precisamos atacar e defender com os 11 jogadores&#8221;, previu o treinador.<\/p>\n<p>Mart\u00ednez acredita que enfrentar a equipe de Tite ser\u00e1 um desafio para seus jogadores, mas tamb\u00e9m uma motiva\u00e7\u00e3o.<\/p>\n<p>&#8220;O Brasil \u00e9 um das equipes favoritas ao t\u00edtulo, e isso nos coloca em um papel muito diferente. A partida ser\u00e1 um sonho para os jogadores. Eles nasceram para este tipo de confronto. Queremos seguir na competi\u00e7\u00e3o&#8221;, avaliou.<\/p>\n<p>Depois de vencer o Jap\u00e3o de virada, por 3 a 2, nas oitavas de final, a B\u00e9lgica chegou \u00e0s quartas da Copa pela segunda vez consecutiva. Se vencer o Brasil, estar\u00e1 nas semifinais pela primeira vez desde o Mundial do M\u00e9xico, em 1986. Segundo Mart\u00ednez, n\u00e3o \u00e9 o momento de fazer grandes altera\u00e7\u00f5es.<\/p>\n<p>&#8220;Precisamos manter a equipe equilibrada. Se tivermos o mesmo pensamento que mantemos contra o Jap\u00e3o, temos grandes chances. Como treinador, tenho muitas op\u00e7\u00f5es na equipe. Tenho pensado no esquema. Acima de tudo, estou levando em conta a press\u00e3o e as expectativas que colocam em n\u00f3s&#8221;, disse.<\/p>\n<p>O t\u00e9cnico espanhol avaliou o elenco dos pentacampe\u00f5es e falou sobre a aus\u00eancia do volante Casemiro, suspenso ap\u00f3s ter recebido dois cart\u00f5es amarelos.<\/p>\n<p>&#8220;O time brasileiro tem um equil\u00edbrio fant\u00e1stico. Podem jogar com tr\u00eas ou quatro atacantes. Entram no setor defensivo dos rivais com profundidade. V\u00e3o sentir a aus\u00eancia de Casemiro, mas t\u00eam Fernandinho, que \u00e9 muito experiente&#8221;, lembrou.<\/p>\n<p>Apesar de reconhecer o favoritismo da equipe brasileira, Mart\u00ednez demonstrou confian\u00e7a no rendimento da sele\u00e7\u00e3o da B\u00e9lgica para conseguir chegar \u00e0s semifinais.<\/p>\n<p>&#8220;Trabalhamos nisto durante anos e estamos t\u00e3o preparados como podemos. Ganhamos todas as partidas, todos jogaram e marcamos 12 gols. O jogo contra o Jap\u00e3o nos deu mais motiva\u00e7\u00e3o. Se jogarmos bem, temos muitas chances de nos classificar, mas n\u00e3o h\u00e1 margem para erro. Se voc\u00ea der uma oportunidade ao Brasil, eles a aproveitar\u00e3o&#8221;, concluiu<\/p>\n<p><strong>CARIRI EM A\u00c7\u00c3O<\/strong><\/p>\n<p>Com EFE\/Foto: Reprodu\u00e7\u00e3o Internet<\/p>\n<p>Leia mais not\u00edcias em\u00a0<a href=\"http:\/\/www.caririemacao.com\/\">caririemacao.com<\/a>, siga nossa p\u00e1gina no\u00a0<a href=\"https:\/\/www.facebook.com\/CaririEmAcao\/?ref=aymt_homepage_panel\">Facebook<\/a>,\u00a0<a href=\"https:\/\/www.instagram.com\/cariri_em_acao\/?hl=pt-br\">Instagram<\/a>\u00a0e <a href=\"https:\/\/www.youtube.com\/channel\/UCAptA0jQuYQy8vMhLt2m4qg\">Youtube<\/a>\u00a0e veja nossas mat\u00e9rias, v\u00eddeos e fotos. Voc\u00ea tamb\u00e9m pode enviar informa\u00e7\u00f5es \u00e0 Reda\u00e7\u00e3o do Portal Cariri em A\u00e7\u00e3o pelo WhatsApp (83) 9 9634.5791, (83) 9 9601-1162.<\/p>\n","protected":false},"excerpt":{"rendered":"<p>O t\u00e9cnico Roberto Mart\u00ednez afirmou nesta quarta-feira que n\u00e3o pensa em mudar a forma da\u00a0B\u00e9lgica\u00a0atuar para o jogo que acontecer\u00e1 daqui dois dias, com o\u00a0Brasil,&hellip; <\/p>\n","protected":false},"author":1,"featured_media":56351,"comment_status":"closed","ping_status":"closed","sticky":false,"template":"","format":"standard","meta":{"sfsi_plus_gutenberg_text_before_share":"","sfsi_plus_gutenberg_show_text_before_share":"","sfsi_plus_gutenberg_icon_type":"","sfsi_plus_gutenberg_icon_alignemt":"","sfsi_plus_gutenburg_max_per_row":"","footnotes":""},"categories":[13],"tags":[],"class_list":["post-56350","post","type-post","status-publish","format-standard","has-post-thumbnail","hentry","category-esportes"],"_links":{"self":[{"href":"https:\/\/www.caririemacao.com\/1\/wp-json\/wp\/v2\/posts\/56350","targetHints":{"allow":["GET"]}}],"collection":[{"href":"https:\/\/www.caririemacao.com\/1\/wp-json\/wp\/v2\/posts"}],"about":[{"href":"https:\/\/www.caririemacao.com\/1\/wp-json\/wp\/v2\/types\/post"}],"author":[{"embeddable":true,"href":"https:\/\/www.caririemacao.com\/1\/wp-json\/wp\/v2\/users\/1"}],"replies":[{"embeddable":true,"href":"https:\/\/www.caririemacao.com\/1\/wp-json\/wp\/v2\/comments?post=56350"}],"version-history":[{"count":1,"href":"https:\/\/www.caririemacao.com\/1\/wp-json\/wp\/v2\/posts\/56350\/revisions"}],"predecessor-version":[{"id":56352,"href":"https:\/\/www.caririemacao.com\/1\/wp-json\/wp\/v2\/posts\/56350\/revisions\/56352"}],"wp:featuredmedia":[{"embeddable":true,"href":"https:\/\/www.caririemacao.com\/1\/wp-json\/wp\/v2\/media\/56351"}],"wp:attachment":[{"href":"https:\/\/www.caririemacao.com\/1\/wp-json\/wp\/v2\/media?parent=56350"}],"wp:term":[{"taxonomy":"category","embeddable":true,"href":"https:\/\/www.caririemacao.com\/1\/wp-json\/wp\/v2\/categories?post=56350"},{"taxonomy":"post_tag","embeddable":true,"href":"https:\/\/www.caririemacao.com\/1\/wp-json\/wp\/v2\/tags?post=56350"}],"curies":[{"name":"wp","href":"https:\/\/api.w.org\/{rel}","templated":true}]}}