{"id":56353,"date":"2018-07-05T06:03:08","date_gmt":"2018-07-05T09:03:08","guid":{"rendered":"http:\/\/caririemacao.com\/1\/?p=56353"},"modified":"2018-07-05T06:03:08","modified_gmt":"2018-07-05T09:03:08","slug":"pf-ve-indicios-de-corrupcao-e-lavagem-de-dinheiro-por-senadores-do-mdb","status":"publish","type":"post","link":"https:\/\/www.caririemacao.com\/1\/2018\/07\/05\/pf-ve-indicios-de-corrupcao-e-lavagem-de-dinheiro-por-senadores-do-mdb\/","title":{"rendered":"PF v\u00ea ind\u00edcios de corrup\u00e7\u00e3o e lavagem de dinheiro por senadores do MDB"},"content":{"rendered":"<div class=\"noticiacorpo\">\n<div class=\"mc-column content-text active-extra-styles active-capital-letter\" data-block-type=\"unstyled\" data-block-weight=\"40\" data-block-id=\"2\">\n<p class=\"content-text__container theme-color-primary-first-letter\" data-track-category=\"Link no Texto\">Relat\u00f3rio elaborado pela Pol\u00edcia Federal aponta ind\u00edcios de que os senadores Edison Lob\u00e3o (MDB-MA) e Jader Barbalho (MDB-PA) foram beneficiados com desvios na obra da usina hidrel\u00e9trica de Belo Monte, um dos maiores empreendimentos para gera\u00e7\u00e3o de energia do mundo.<\/p>\n<\/div>\n<div class=\"wall\">\n<div class=\"mc-column content-text active-extra-styles \" data-block-type=\"unstyled\" data-block-weight=\"28\" data-block-id=\"3\">\n<p class=\"content-text__container \" data-track-category=\"Link no Texto\">Os agentes apontaram suspeita de corrup\u00e7\u00e3o passiva e lavagem de dinheiro por parte dos parlamentares, investigados em um dos inqu\u00e9ritos da Opera\u00e7\u00e3o Lava Jato no Supremo Tribunal Federal.<\/p>\n<\/div>\n<div class=\"mc-column content-text active-extra-styles \" data-block-type=\"unstyled\" data-block-weight=\"46\" data-block-id=\"4\">\n<p class=\"content-text__container \" data-track-category=\"Link no Texto\">O advogado Ant\u00f4nio Carlos de Almeida Castro, o Kakay, defensor de Edison Lob\u00e3o no caso, disse que tenta autoriza\u00e7\u00e3o de acesso ao relat\u00f3rio. Ele afirmou que, embora desconhe\u00e7a o teor do documento, acompanha a investiga\u00e7\u00e3o e diz que n\u00e3o h\u00e1 elementos capazes de incriminar o senador.<\/p>\n<p class=\"content-text__container \" data-track-category=\"Link no Texto\">&#8220;Estamos acompanhando a investiga\u00e7\u00e3o e tranquilos em rela\u00e7\u00e3o ao senador Lob\u00e3o. Desconhecemos o relat\u00f3rio. Estamos tentando desde maio ter acesso, mas infelizmente mais uma vez disseram que n\u00e3o poder\u00edamos ter&#8221;, afirmou o advogado.<\/p>\n<\/div>\n<div class=\"mc-column content-text active-extra-styles \" data-block-type=\"unstyled\" data-block-weight=\"25\" data-block-id=\"6\">\n<p class=\"content-text__container \" data-track-category=\"Link no Texto\">O senador Jader Barbalho afirmou que o relat\u00f3rio \u00e9 uma &#8220;leviandade&#8221; e uma &#8220;barbaridade&#8221; porque n\u00e3o tem nenhum fundamento relacion\u00e1-lo \u00e0 obra de Belo Monte.<\/p>\n<\/div>\n<div class=\"mc-column content-text active-extra-styles \" data-block-type=\"unstyled\" data-block-weight=\"17\" data-block-id=\"7\">\n<p class=\"content-text__container \" data-track-category=\"Link no Texto\">&#8220;Nunca tive nenhum encontro sobre a obra e nunca recebi nada desta gente, nem telegrama de anivers\u00e1rio&#8221;.<\/p>\n<p class=\"content-text__container \" data-track-category=\"Link no Texto\">Para o senador, quem assinou o relat\u00f3rio que o aponta como benefici\u00e1rio de propina \u00e9 &#8220;um irrespons\u00e1vel que est\u00e1 fazendo molecagem&#8221;. &#8220;Desafio quem quer que seja a apontar um ato contra mim&#8221;, afirmou Jader Barbalho.<\/p>\n<\/div>\n<div class=\"mc-column content-text active-extra-styles \" data-block-type=\"unstyled\" data-block-weight=\"33\" data-block-id=\"9\">\n<p class=\"content-text__container \" data-track-category=\"Link no Texto\">De acordo com a Pol\u00edcia Federal, o objetivo do inqu\u00e9rito \u00e9 apurar se houve pagamento de propina para pol\u00edticos, embora a investiga\u00e7\u00e3o tamb\u00e9m tenha apontado\u00a0ind\u00edcios de irregularidades no leil\u00e3o de Belo Monte.<\/p>\n<\/div>\n<div class=\"mc-column content-text active-extra-styles \" data-block-type=\"unstyled\" data-block-weight=\"26\" data-block-id=\"10\">\n<p class=\"content-text__container \" data-track-category=\"Link no Texto\">A suspeita \u00e9 que as empresas respons\u00e1veis recebiam dinheiro p\u00fablico para executar a obra, e parte dos valores era desviada para pagamento de propina a pol\u00edticos<\/p>\n<\/div>\n<div class=\"mc-column content-text active-extra-styles \" data-block-type=\"unstyled\" data-block-weight=\"45\" data-block-id=\"11\">\n<p class=\"content-text__container \" data-track-category=\"Link no Texto\">O relat\u00f3rio da PF, conclu\u00eddo em maio, est\u00e1 atualmente nas m\u00e3os da procuradora-geral da Rep\u00fablica, Raquel Dodge, que poder\u00e1 denunciar os parlamentares ao Supremo Tribunal Federal (STF) com base nas provas j\u00e1 coletadas. O relator do caso no STF \u00e9 o ministro Luiz Edson Fachin.<\/p>\n<\/div>\n<div class=\"content-ads content-ads--reveal\" data-block-type=\"ads\" data-block-id=\"12\">\n<div id=\"banner_materia2\" class=\"tag-manager-publicidade-container has-reveal has-ad-lazyload tag-manager-publicidade-banner_materia2 tag-manager-publicidade-container--carregado tag-manager-publicidade-container--visivel\" data-id=\"banner_materia2\" data-google-query-id=\"CKf2_djJh9wCFZH34Qod8hYP0g\" data-cid=\"138237567724\" data-lid=\"4721202124\">\n<div id=\"google_ads_iframe_\/95377733\/tvg_G1\/Politica_2__container__\">Al\u00e9m de depoimentos de delatores das empreiteiras Andrade Gutierrez e Odebrecht, investigadores identificaram e-mails, registros de entrada nos pr\u00e9dios, pagamentos registrados no sistema de pagamento de propina da Odebrecht \u2013 o Drousys \u2013 e informa\u00e7\u00f5es sobre entregas dos valores.<\/div>\n<\/div>\n<\/div>\n<div class=\"mc-column content-text active-extra-styles \" data-block-type=\"unstyled\" data-block-weight=\"35\" data-block-id=\"14\">\n<p class=\"content-text__container \" data-track-category=\"Link no Texto\">Segundo a PF, tamb\u00e9m h\u00e1 ind\u00edcios dos mesmos crimes por parte do filho de Lob\u00e3o, M\u00e1rcio Lob\u00e3o, e do ex-senador Luiz Ot\u00e1vio Campos, aliado de Jader, que seriam os operadores da propina paga pelas empresas.<\/p>\n<\/div>\n<div class=\"mc-column content-text active-extra-styles \" data-block-type=\"unstyled\" data-block-weight=\"18\" data-block-id=\"15\">\n<p class=\"content-text__container \" data-track-category=\"Link no Texto\">Os dois foram alvos da\u00a0Opera\u00e7\u00e3o Leviat\u00e3, em fevereiro do ano passado, que recolheu provas para o inqu\u00e9rito.<\/p>\n<\/div>\n<div class=\"mc-column content-text active-extra-styles \" data-block-type=\"unstyled\" data-block-weight=\"45\" data-block-id=\"16\">\n<p class=\"content-text__container \" data-track-category=\"Link no Texto\">O advogado Aristides Junqueira, que defende M\u00e1rcio Lob\u00e3o, afirmou que n\u00e3o teve acesso ao relat\u00f3rio e por isso n\u00e3o pode comentar. Segundo ele, no ano passado, quando foram autorizadas buscas envolvendo M\u00e1rcio Lob\u00e3o, foi uma opera\u00e7\u00e3o descabida e baseada apenas na palavra de um delator.<\/p>\n<\/div>\n<div class=\"mc-column content-text active-extra-styles \" data-block-type=\"unstyled\" data-block-weight=\"13\" data-block-id=\"17\">\n<p class=\"content-text__container \" data-track-category=\"Link no Texto\">Quando foi deflagrada a Opera\u00e7\u00e3o Leviat\u00e3, no ano passado, o\u00a0ex-senador negou envolvimento.<\/p>\n<\/div>\n<div class=\"mc-column content-text active-extra-styles \" data-block-type=\"unstyled\" data-block-weight=\"12\" data-block-id=\"18\">\n<p class=\"content-text__container \" data-track-category=\"Link no Texto\">Para a PF, h\u00e1 elementos que indicam que os parlamentares foram beneficiados.<\/p>\n<p class=\"content-text__container \" data-track-category=\"Link no Texto\">&#8220;A liga\u00e7\u00e3o entre Luiz Ot\u00e1vio Campos e Jader Barbalho \u00e9 indissoci\u00e1vel, o que autoriza a conclus\u00e3o, com base nos elementos j\u00e1 expostos, de que esse parlamentar, conjuntamente com Edison Lob\u00e3o, estava por detr\u00e1s das a\u00e7\u00f5es&#8221;, afirma o texto do relat\u00f3rio.<\/p>\n<\/div>\n<div class=\"mc-column content-text active-extra-styles \" data-block-type=\"unstyled\" data-block-weight=\"30\" data-block-id=\"20\">\n<p class=\"content-text__container \" data-track-category=\"Link no Texto\">De acordo com o documento, os parlamentares &#8220;solicitaram, por seus emiss\u00e1rios \u2013 e, ao que tudo indica, receberam \u2013 em concurso, vantagem indevida em raz\u00e3o da fun\u00e7\u00e3o p\u00fablica que tinham&#8221;.<\/p>\n<\/div>\n<div class=\"mc-column content-text active-extra-styles \" data-block-type=\"unstyled\" data-block-weight=\"31\" data-block-id=\"21\">\n<p class=\"content-text__container \" data-track-category=\"Link no Texto\">A Pol\u00edcia Federal justificou no relat\u00f3rio o fato de n\u00e3o terem sido localizadas provas diretas contra os senadores. Segundo o documento, autoridades costumam utilizar terceiros para tratativas irregulares, sem atuar diretamente.<\/p>\n<\/div>\n<div class=\"mc-column content-text active-extra-styles \" data-block-type=\"unstyled\" data-block-weight=\"32\" data-block-id=\"22\">\n<p class=\"content-text__container \" data-track-category=\"Link no Texto\">&#8220;O emprego de pessoas interpostas por altas autoridades \u00e9 expediente habitual (&#8230;), n\u00e3o sendo exig\u00edvel, para a imputa\u00e7\u00e3o de responsabilidade penal (&#8230;) ser flagrado aventurando-se pessoalmente em tratativas escusas&#8221;, diz o documento.<\/p>\n<\/div>\n<\/div>\n<\/div>\n<p><strong>CARIRI EM A\u00c7\u00c3O<\/strong><\/p>\n<p>Com G1 \/Foto: Reprodu\u00e7\u00e3o Internet<\/p>\n<p>Leia mais not\u00edcias em\u00a0<a href=\"http:\/\/www.caririemacao.com\/\">caririemacao.com<\/a>, siga nossa p\u00e1gina no\u00a0<a href=\"https:\/\/www.facebook.com\/CaririEmAcao\/?ref=aymt_homepage_panel\">Facebook<\/a>,\u00a0<a href=\"https:\/\/www.instagram.com\/cariri_em_acao\/?hl=pt-br\">Instagram<\/a>\u00a0e <a href=\"https:\/\/www.youtube.com\/channel\/UCAptA0jQuYQy8vMhLt2m4qg\">Youtube<\/a>\u00a0e veja nossas mat\u00e9rias, v\u00eddeos e fotos. Voc\u00ea tamb\u00e9m pode enviar informa\u00e7\u00f5es \u00e0 Reda\u00e7\u00e3o do Portal Cariri em A\u00e7\u00e3o pelo WhatsApp (83) 9 9634.5791, (83) 9 9601-1162.<\/p>\n","protected":false},"excerpt":{"rendered":"<p>Relat\u00f3rio elaborado pela Pol\u00edcia Federal aponta ind\u00edcios de que os senadores Edison Lob\u00e3o (MDB-MA) e Jader Barbalho (MDB-PA) foram beneficiados com desvios na obra da&hellip; <\/p>\n","protected":false},"author":1,"featured_media":56354,"comment_status":"closed","ping_status":"closed","sticky":false,"template":"","format":"standard","meta":{"sfsi_plus_gutenberg_text_before_share":"","sfsi_plus_gutenberg_show_text_before_share":"","sfsi_plus_gutenberg_icon_type":"","sfsi_plus_gutenberg_icon_alignemt":"","sfsi_plus_gutenburg_max_per_row":"","footnotes":""},"categories":[11],"tags":[],"class_list":["post-56353","post","type-post","status-publish","format-standard","has-post-thumbnail","hentry","category-politica"],"_links":{"self":[{"href":"https:\/\/www.caririemacao.com\/1\/wp-json\/wp\/v2\/posts\/56353","targetHints":{"allow":["GET"]}}],"collection":[{"href":"https:\/\/www.caririemacao.com\/1\/wp-json\/wp\/v2\/posts"}],"about":[{"href":"https:\/\/www.caririemacao.com\/1\/wp-json\/wp\/v2\/types\/post"}],"author":[{"embeddable":true,"href":"https:\/\/www.caririemacao.com\/1\/wp-json\/wp\/v2\/users\/1"}],"replies":[{"embeddable":true,"href":"https:\/\/www.caririemacao.com\/1\/wp-json\/wp\/v2\/comments?post=56353"}],"version-history":[{"count":1,"href":"https:\/\/www.caririemacao.com\/1\/wp-json\/wp\/v2\/posts\/56353\/revisions"}],"predecessor-version":[{"id":56355,"href":"https:\/\/www.caririemacao.com\/1\/wp-json\/wp\/v2\/posts\/56353\/revisions\/56355"}],"wp:featuredmedia":[{"embeddable":true,"href":"https:\/\/www.caririemacao.com\/1\/wp-json\/wp\/v2\/media\/56354"}],"wp:attachment":[{"href":"https:\/\/www.caririemacao.com\/1\/wp-json\/wp\/v2\/media?parent=56353"}],"wp:term":[{"taxonomy":"category","embeddable":true,"href":"https:\/\/www.caririemacao.com\/1\/wp-json\/wp\/v2\/categories?post=56353"},{"taxonomy":"post_tag","embeddable":true,"href":"https:\/\/www.caririemacao.com\/1\/wp-json\/wp\/v2\/tags?post=56353"}],"curies":[{"name":"wp","href":"https:\/\/api.w.org\/{rel}","templated":true}]}}