{"id":56356,"date":"2018-07-05T06:08:00","date_gmt":"2018-07-05T09:08:00","guid":{"rendered":"http:\/\/caririemacao.com\/1\/?p=56356"},"modified":"2018-07-05T06:08:00","modified_gmt":"2018-07-05T09:08:00","slug":"policia-fecha-ponto-de-vendas-de-drogas-na-paraiba","status":"publish","type":"post","link":"https:\/\/www.caririemacao.com\/1\/2018\/07\/05\/policia-fecha-ponto-de-vendas-de-drogas-na-paraiba\/","title":{"rendered":"Pol\u00edcia fecha ponto de vendas de drogas na Para\u00edba"},"content":{"rendered":"<p>Uma a\u00e7\u00e3o policial ap\u00f3s uma den\u00fancia an\u00f4nima ocorreu na tarde desta quarta-feira (04), no bairro S\u00e3o Janu\u00e1rio, na cidade de Campina Grande, no agreste paraibano.<\/p>\n<p>A PM conseguiu localizar uma resid\u00eancia no referido bairro onde havia um ponto de comercio de drogas.<\/p>\n<p>Ao chegar ao local foi encontrado, um quilo de maconha, al\u00e9m de pedras de crack, por\u00e7\u00f5es de coca\u00edna, um colete a prova de balas, balan\u00e7a de precis\u00e3o e ainda um rev\u00f3lver calibre 38, com o timbre da Pol\u00edcia Militar de Minas Gerais.<\/p>\n<p>Na casa estava uma pessoa que foi presa em flagrante, sendo conduzida para a Central de Pol\u00edcia Civil.<\/p>\n<div class=\"post-copyright\"><strong>CARIRI EM A\u00c7\u00c3O<\/strong><\/div>\n<div>\n<p>Com Rep\u00f3rter PB\/Foto: Reprodu\u00e7\u00e3o Internet<\/p>\n<p>Leia mais not\u00edcias em\u00a0<a href=\"http:\/\/www.caririemacao.com\/\">caririemacao.com<\/a>, siga nossa p\u00e1gina no\u00a0<a href=\"https:\/\/www.facebook.com\/CaririEmAcao\/?ref=aymt_homepage_panel\">Facebook<\/a>,\u00a0<a href=\"https:\/\/www.instagram.com\/cariri_em_acao\/?hl=pt-br\">Instagram<\/a>\u00a0e <a href=\"https:\/\/www.youtube.com\/channel\/UCAptA0jQuYQy8vMhLt2m4qg\">Youtube<\/a>\u00a0e veja nossas mat\u00e9rias, v\u00eddeos e fotos. Voc\u00ea tamb\u00e9m pode enviar informa\u00e7\u00f5es \u00e0 Reda\u00e7\u00e3o do Portal Cariri em A\u00e7\u00e3o pelo WhatsApp (83) 9 9634.5791, (83) 9 9601-1162.<\/p>\n<\/div>\n","protected":false},"excerpt":{"rendered":"<p>Uma a\u00e7\u00e3o policial ap\u00f3s uma den\u00fancia an\u00f4nima ocorreu na tarde desta quarta-feira (04), no bairro S\u00e3o Janu\u00e1rio, na cidade de Campina Grande, no agreste paraibano.&hellip; <\/p>\n","protected":false},"author":1,"featured_media":56357,"comment_status":"closed","ping_status":"closed","sticky":false,"template":"","format":"standard","meta":{"sfsi_plus_gutenberg_text_before_share":"","sfsi_plus_gutenberg_show_text_before_share":"","sfsi_plus_gutenberg_icon_type":"","sfsi_plus_gutenberg_icon_alignemt":"","sfsi_plus_gutenburg_max_per_row":"","footnotes":""},"categories":[12],"tags":[],"class_list":["post-56356","post","type-post","status-publish","format-standard","has-post-thumbnail","hentry","category-policia"],"_links":{"self":[{"href":"https:\/\/www.caririemacao.com\/1\/wp-json\/wp\/v2\/posts\/56356","targetHints":{"allow":["GET"]}}],"collection":[{"href":"https:\/\/www.caririemacao.com\/1\/wp-json\/wp\/v2\/posts"}],"about":[{"href":"https:\/\/www.caririemacao.com\/1\/wp-json\/wp\/v2\/types\/post"}],"author":[{"embeddable":true,"href":"https:\/\/www.caririemacao.com\/1\/wp-json\/wp\/v2\/users\/1"}],"replies":[{"embeddable":true,"href":"https:\/\/www.caririemacao.com\/1\/wp-json\/wp\/v2\/comments?post=56356"}],"version-history":[{"count":1,"href":"https:\/\/www.caririemacao.com\/1\/wp-json\/wp\/v2\/posts\/56356\/revisions"}],"predecessor-version":[{"id":56358,"href":"https:\/\/www.caririemacao.com\/1\/wp-json\/wp\/v2\/posts\/56356\/revisions\/56358"}],"wp:featuredmedia":[{"embeddable":true,"href":"https:\/\/www.caririemacao.com\/1\/wp-json\/wp\/v2\/media\/56357"}],"wp:attachment":[{"href":"https:\/\/www.caririemacao.com\/1\/wp-json\/wp\/v2\/media?parent=56356"}],"wp:term":[{"taxonomy":"category","embeddable":true,"href":"https:\/\/www.caririemacao.com\/1\/wp-json\/wp\/v2\/categories?post=56356"},{"taxonomy":"post_tag","embeddable":true,"href":"https:\/\/www.caririemacao.com\/1\/wp-json\/wp\/v2\/tags?post=56356"}],"curies":[{"name":"wp","href":"https:\/\/api.w.org\/{rel}","templated":true}]}}