{"id":56359,"date":"2018-07-05T06:12:34","date_gmt":"2018-07-05T09:12:34","guid":{"rendered":"http:\/\/caririemacao.com\/1\/?p=56359"},"modified":"2018-07-05T06:12:34","modified_gmt":"2018-07-05T09:12:34","slug":"missionaria-paraibana-foi-assassinada-com-requintes-de-crueldade-em-santa-catarina","status":"publish","type":"post","link":"https:\/\/www.caririemacao.com\/1\/2018\/07\/05\/missionaria-paraibana-foi-assassinada-com-requintes-de-crueldade-em-santa-catarina\/","title":{"rendered":"Mission\u00e1ria paraibana foi assassinada com requintes de crueldade em Santa Catarina"},"content":{"rendered":"<p>A Pol\u00edcia Civil de Alfredo Wagner, na Grande Florian\u00f3polis-SC, investiga a morte de uma mulher de 51 anos, que foi atropelada duas vezes e teve uma orelha arrancada. O suspeito do crime \u00e9 um dependente qu\u00edmico de 25 anos, que est\u00e1 foragido.<\/p>\n<p>De acordo com o agente Vanderlei Kanopf, que responde pela Delegacia de Alfredo Wagner, o assassinato ocorreu em 17 de junho, no domingo, no Alto Rio da Lessa, interior do munic\u00edpio. A mission\u00e1ria e t\u00e9cnica de enfermagem Maria Aparecida Firmino, que usava o nome de Eril\u00facia, morreu no dia 19 de junho, no Hospital S\u00e3o Jos\u00e9. Ela era natural da cidade de Patos, na Para\u00edba.<\/p>\n<p>Segundo Kanopf, Maria Aparecida trabalhava como cuidadora do propriet\u00e1rio do s\u00edtio, um pastor de 54 anos com paralisia nas pernas. O pastor costumava receber pessoas para evangeliza\u00e7\u00e3o no local, principalmente dependentes qu\u00edmicos.<\/p>\n<p>\u201cEsse homem suspeito estava na casa. Eles tinham um quarto onde recebiam as pessoas para tratamento. O que sabemos \u00e9 que os tr\u00eas almo\u00e7aram juntos e depois a mission\u00e1ria teria sa\u00eddo com o suspeito e tentado come\u00e7ar uma evangeliza\u00e7\u00e3o\u201d, disse o Kanopf.<\/p>\n<p>Segundo relato do pastor \u00e0 Pol\u00edcia Civil, Maria Aparecida teve a orelha arrancada pelo dependente qu\u00edmico com um fac\u00e3o. \u201cDepois ele ainda teria perseguido a v\u00edtima e deu uma paulada na cabe\u00e7a dela. Na sequ\u00eancia roubou o ve\u00edculo do pastor e passou por duas vezes em cima dela. Ele deu duas voltas e atropelou ela quando tentava fugir\u201d, disse Kanopf.<\/p>\n<p>O pastor prestou depoimento na segunda-feira seguinte ao atropelamento, como um caso de roubo seguido de um atropelamento. Agora, conforme o agente, o suspeito deve responder por homic\u00eddio qualificado.<\/p>\n<p>Conforme Kanopf, o conflito que teria desencadeado o crime ainda n\u00e3o foi esclarecido. O agente ainda aguarda o laudo cadav\u00e9rico da v\u00edtima. A caminhonete do pastor, que \u00e9 adaptada, foi encontrada e periciada no dia seguinte ao crime, 18 de junho, em S\u00e3o Jos\u00e9, na Grande Florian\u00f3polis.<\/p>\n<p>O suspeito \u00e9 procurado pela Pol\u00edcia Civil. Segundo o agente, ele tem passagens criminais em Florian\u00f3polis, Balne\u00e1rio Cambori\u00fa e Brusque.<\/p>\n<p>Dias depois do crime o corpo de Maria Aparecida Firmino (Eril\u00facia) foi trasladado e sepultado na cidade de Santa Terezinha-PB. A pol\u00edcia segue investigando.<\/p>\n<p><strong>CARIRI EM A\u00c7\u00c3O<\/strong><\/p>\n<p>Com G1 \/Foto: Reprodu\u00e7\u00e3o Internet<\/p>\n<p>Leia mais not\u00edcias em\u00a0<a href=\"http:\/\/www.caririemacao.com\/\">caririemacao.com<\/a>, siga nossa p\u00e1gina no\u00a0<a href=\"https:\/\/www.facebook.com\/CaririEmAcao\/?ref=aymt_homepage_panel\">Facebook<\/a>,\u00a0<a href=\"https:\/\/www.instagram.com\/cariri_em_acao\/?hl=pt-br\">Instagram<\/a>\u00a0e <a href=\"https:\/\/www.youtube.com\/channel\/UCAptA0jQuYQy8vMhLt2m4qg\">Youtube<\/a>\u00a0e veja nossas mat\u00e9rias, v\u00eddeos e fotos. Voc\u00ea tamb\u00e9m pode enviar informa\u00e7\u00f5es \u00e0 Reda\u00e7\u00e3o do Portal Cariri em A\u00e7\u00e3o pelo WhatsApp (83) 9 9634.5791, (83) 9 9601-1162.<\/p>\n","protected":false},"excerpt":{"rendered":"<p>A Pol\u00edcia Civil de Alfredo Wagner, na Grande Florian\u00f3polis-SC, investiga a morte de uma mulher de 51 anos, que foi atropelada duas vezes e teve&hellip; <\/p>\n","protected":false},"author":1,"featured_media":56360,"comment_status":"closed","ping_status":"closed","sticky":false,"template":"","format":"standard","meta":{"sfsi_plus_gutenberg_text_before_share":"","sfsi_plus_gutenberg_show_text_before_share":"","sfsi_plus_gutenberg_icon_type":"","sfsi_plus_gutenberg_icon_alignemt":"","sfsi_plus_gutenburg_max_per_row":"","footnotes":""},"categories":[12],"tags":[],"class_list":["post-56359","post","type-post","status-publish","format-standard","has-post-thumbnail","hentry","category-policia"],"_links":{"self":[{"href":"https:\/\/www.caririemacao.com\/1\/wp-json\/wp\/v2\/posts\/56359","targetHints":{"allow":["GET"]}}],"collection":[{"href":"https:\/\/www.caririemacao.com\/1\/wp-json\/wp\/v2\/posts"}],"about":[{"href":"https:\/\/www.caririemacao.com\/1\/wp-json\/wp\/v2\/types\/post"}],"author":[{"embeddable":true,"href":"https:\/\/www.caririemacao.com\/1\/wp-json\/wp\/v2\/users\/1"}],"replies":[{"embeddable":true,"href":"https:\/\/www.caririemacao.com\/1\/wp-json\/wp\/v2\/comments?post=56359"}],"version-history":[{"count":1,"href":"https:\/\/www.caririemacao.com\/1\/wp-json\/wp\/v2\/posts\/56359\/revisions"}],"predecessor-version":[{"id":56361,"href":"https:\/\/www.caririemacao.com\/1\/wp-json\/wp\/v2\/posts\/56359\/revisions\/56361"}],"wp:featuredmedia":[{"embeddable":true,"href":"https:\/\/www.caririemacao.com\/1\/wp-json\/wp\/v2\/media\/56360"}],"wp:attachment":[{"href":"https:\/\/www.caririemacao.com\/1\/wp-json\/wp\/v2\/media?parent=56359"}],"wp:term":[{"taxonomy":"category","embeddable":true,"href":"https:\/\/www.caririemacao.com\/1\/wp-json\/wp\/v2\/categories?post=56359"},{"taxonomy":"post_tag","embeddable":true,"href":"https:\/\/www.caririemacao.com\/1\/wp-json\/wp\/v2\/tags?post=56359"}],"curies":[{"name":"wp","href":"https:\/\/api.w.org\/{rel}","templated":true}]}}