{"id":56362,"date":"2018-07-05T06:14:59","date_gmt":"2018-07-05T09:14:59","guid":{"rendered":"http:\/\/caririemacao.com\/1\/?p=56362"},"modified":"2018-07-05T06:14:59","modified_gmt":"2018-07-05T09:14:59","slug":"gas-de-cozinha-fica-ate-r-5-mais-caro-na-pb-a-partir-desta-5a","status":"publish","type":"post","link":"https:\/\/www.caririemacao.com\/1\/2018\/07\/05\/gas-de-cozinha-fica-ate-r-5-mais-caro-na-pb-a-partir-desta-5a\/","title":{"rendered":"G\u00e1s de cozinha fica at\u00e9 R$ 5 mais caro na PB a partir desta 5\u00aa"},"content":{"rendered":"<p>A Petrobras reajustou nesta quarta-feira (4) o pre\u00e7o do g\u00e1s de cozinha (GLP) em 4,4%, com validade a partir desta quinta-feira (5). No acumulado do ano, o GLP apresenta aumento de 5,2%, se comparado ao pre\u00e7o praticado em dezembro do ano passado.<\/p>\n<p>O Sindicato dos Revendedores de G\u00e1s de Cozinha na Para\u00edba (Sinreg\u00e1s) informou que o pre\u00e7o para o consumidor final vai ter um acr\u00e9scimo que varia de R$ 3 a R$ 5. At\u00e9 esta quarta-feira (4), o botij\u00e3o estava custando entre R$ 65 a R$ 75 em todo o estado.<\/p>\n<p>A estatal informou que o reajuste ocorre devido \u00e0 desvaloriza\u00e7\u00e3o do real frente ao d\u00f3lar, que apenas entre mar\u00e7o a junho foi de 16%, e ao reajuste de 22,9% do pre\u00e7o do GLP no mercado internacional no mesmo per\u00edodo.<\/p>\n<p><strong>CARIRI EM A\u00c7\u00c3O<\/strong><\/p>\n<p>Com Portal Correio\/Foto: Reprodu\u00e7\u00e3o Internet<\/p>\n<p>Leia mais not\u00edcias em\u00a0<a href=\"http:\/\/www.caririemacao.com\/\">caririemacao.com<\/a>, siga nossa p\u00e1gina no\u00a0<a href=\"https:\/\/www.facebook.com\/CaririEmAcao\/?ref=aymt_homepage_panel\">Facebook<\/a>,\u00a0<a href=\"https:\/\/www.instagram.com\/cariri_em_acao\/?hl=pt-br\">Instagram<\/a>\u00a0e <a href=\"https:\/\/www.youtube.com\/channel\/UCAptA0jQuYQy8vMhLt2m4qg\">Youtube<\/a>\u00a0e veja nossas mat\u00e9rias, v\u00eddeos e fotos. Voc\u00ea tamb\u00e9m pode enviar informa\u00e7\u00f5es \u00e0 Reda\u00e7\u00e3o do Portal Cariri em A\u00e7\u00e3o pelo WhatsApp (83) 9 9634.5791, (83) 9 9601-1162.<\/p>\n<div class=\"td-a-rec td-a-rec-id-content_bottom  td_uid_1_5b3d642168e20_rand td_block_template_1\">\n<div id=\"div-gpt-ad-1510753744454-4\" data-google-query-id=\"CKbEjNXOh9wCFcQbhwodgRYB_A\"><\/div>\n<\/div>\n","protected":false},"excerpt":{"rendered":"<p>A Petrobras reajustou nesta quarta-feira (4) o pre\u00e7o do g\u00e1s de cozinha (GLP) em 4,4%, com validade a partir desta quinta-feira (5). No acumulado do&hellip; <\/p>\n","protected":false},"author":1,"featured_media":27889,"comment_status":"closed","ping_status":"closed","sticky":false,"template":"","format":"standard","meta":{"sfsi_plus_gutenberg_text_before_share":"","sfsi_plus_gutenberg_show_text_before_share":"","sfsi_plus_gutenberg_icon_type":"","sfsi_plus_gutenberg_icon_alignemt":"","sfsi_plus_gutenburg_max_per_row":"","footnotes":""},"categories":[2],"tags":[],"class_list":["post-56362","post","type-post","status-publish","format-standard","has-post-thumbnail","hentry","category-geral"],"_links":{"self":[{"href":"https:\/\/www.caririemacao.com\/1\/wp-json\/wp\/v2\/posts\/56362","targetHints":{"allow":["GET"]}}],"collection":[{"href":"https:\/\/www.caririemacao.com\/1\/wp-json\/wp\/v2\/posts"}],"about":[{"href":"https:\/\/www.caririemacao.com\/1\/wp-json\/wp\/v2\/types\/post"}],"author":[{"embeddable":true,"href":"https:\/\/www.caririemacao.com\/1\/wp-json\/wp\/v2\/users\/1"}],"replies":[{"embeddable":true,"href":"https:\/\/www.caririemacao.com\/1\/wp-json\/wp\/v2\/comments?post=56362"}],"version-history":[{"count":1,"href":"https:\/\/www.caririemacao.com\/1\/wp-json\/wp\/v2\/posts\/56362\/revisions"}],"predecessor-version":[{"id":56363,"href":"https:\/\/www.caririemacao.com\/1\/wp-json\/wp\/v2\/posts\/56362\/revisions\/56363"}],"wp:featuredmedia":[{"embeddable":true,"href":"https:\/\/www.caririemacao.com\/1\/wp-json\/wp\/v2\/media\/27889"}],"wp:attachment":[{"href":"https:\/\/www.caririemacao.com\/1\/wp-json\/wp\/v2\/media?parent=56362"}],"wp:term":[{"taxonomy":"category","embeddable":true,"href":"https:\/\/www.caririemacao.com\/1\/wp-json\/wp\/v2\/categories?post=56362"},{"taxonomy":"post_tag","embeddable":true,"href":"https:\/\/www.caririemacao.com\/1\/wp-json\/wp\/v2\/tags?post=56362"}],"curies":[{"name":"wp","href":"https:\/\/api.w.org\/{rel}","templated":true}]}}