{"id":56366,"date":"2018-07-05T06:20:10","date_gmt":"2018-07-05T09:20:10","guid":{"rendered":"http:\/\/caririemacao.com\/1\/?p=56366"},"modified":"2018-07-05T06:20:10","modified_gmt":"2018-07-05T09:20:10","slug":"gervasio-inaugura-novas-instalacoes-da-assembleia-legislativa-da-paraiba","status":"publish","type":"post","link":"https:\/\/www.caririemacao.com\/1\/2018\/07\/05\/gervasio-inaugura-novas-instalacoes-da-assembleia-legislativa-da-paraiba\/","title":{"rendered":"Gerv\u00e1sio inaugura novas instala\u00e7\u00f5es da Assembleia Legislativa da Para\u00edba"},"content":{"rendered":"<p>O presidente da Assembleia Legislativa da Para\u00edba (ALPB), deputado Gerv\u00e1sio Maia, inaugura, nesta quinta-feira (5), \u00e0s 17 h, as novas instala\u00e7\u00f5es da Casa Legislativa.<\/p>\n<p>As obras da nova Assembleia tiveram in\u00edcio em dezembro do ano passado. Al\u00e9m de consolidar de vez a perman\u00eancia da Assembleia na Pra\u00e7a dos Tr\u00eas Poderes, as novas instala\u00e7\u00f5es contam com total acessibilidade para pessoa com defici\u00eancia, contemplando setores de imprensa, plen\u00e1rio, taquigrafia, sala de comiss\u00f5es, reuni\u00f5es, audit\u00f3rio e mini-plen\u00e1rio.<\/p>\n<p>\u201cA gente arrumou a Casa para que ela traga mais comodidade ao servidor, mais respeito e acessibilidade as pessoas que possuem necessidades especiais. Adequamos todos os ambientes de acordo com as normas de seguran\u00e7a estabelecidas pelo corpo de bombeiros. Uma nova Casa do povo paraibano ser\u00e1 entregue e, a partir desta quinta-feira, para sempre na Pra\u00e7a dos Tr\u00eas Poderes\u201d, afirmou o presidente Gerv\u00e1sio Maia.<\/p>\n<p><strong>CARIRI EM A\u00c7\u00c3O<\/strong><\/p>\n<p>Com pbnews\/Foto: Reprodu\u00e7\u00e3o Internet<\/p>\n<p>Leia mais not\u00edcias em\u00a0<a href=\"http:\/\/www.caririemacao.com\/\">caririemacao.com<\/a>, siga nossa p\u00e1gina no\u00a0<a href=\"https:\/\/www.facebook.com\/CaririEmAcao\/?ref=aymt_homepage_panel\">Facebook<\/a>,\u00a0<a href=\"https:\/\/www.instagram.com\/cariri_em_acao\/?hl=pt-br\">Instagram<\/a>\u00a0e <a href=\"https:\/\/www.youtube.com\/channel\/UCAptA0jQuYQy8vMhLt2m4qg\">Youtube<\/a>\u00a0e veja nossas mat\u00e9rias, v\u00eddeos e fotos. Voc\u00ea tamb\u00e9m pode enviar informa\u00e7\u00f5es \u00e0 Reda\u00e7\u00e3o do Portal Cariri em A\u00e7\u00e3o pelo WhatsApp (83) 9 9634.5791, (83) 9 9601-1162.<\/p>\n","protected":false},"excerpt":{"rendered":"<p>O presidente da Assembleia Legislativa da Para\u00edba (ALPB), deputado Gerv\u00e1sio Maia, inaugura, nesta quinta-feira (5), \u00e0s 17 h, as novas instala\u00e7\u00f5es da Casa Legislativa. As&hellip; <\/p>\n","protected":false},"author":1,"featured_media":19695,"comment_status":"closed","ping_status":"closed","sticky":false,"template":"","format":"standard","meta":{"sfsi_plus_gutenberg_text_before_share":"","sfsi_plus_gutenberg_show_text_before_share":"","sfsi_plus_gutenberg_icon_type":"","sfsi_plus_gutenberg_icon_alignemt":"","sfsi_plus_gutenburg_max_per_row":"","footnotes":""},"categories":[2],"tags":[],"class_list":["post-56366","post","type-post","status-publish","format-standard","has-post-thumbnail","hentry","category-geral"],"_links":{"self":[{"href":"https:\/\/www.caririemacao.com\/1\/wp-json\/wp\/v2\/posts\/56366","targetHints":{"allow":["GET"]}}],"collection":[{"href":"https:\/\/www.caririemacao.com\/1\/wp-json\/wp\/v2\/posts"}],"about":[{"href":"https:\/\/www.caririemacao.com\/1\/wp-json\/wp\/v2\/types\/post"}],"author":[{"embeddable":true,"href":"https:\/\/www.caririemacao.com\/1\/wp-json\/wp\/v2\/users\/1"}],"replies":[{"embeddable":true,"href":"https:\/\/www.caririemacao.com\/1\/wp-json\/wp\/v2\/comments?post=56366"}],"version-history":[{"count":1,"href":"https:\/\/www.caririemacao.com\/1\/wp-json\/wp\/v2\/posts\/56366\/revisions"}],"predecessor-version":[{"id":56367,"href":"https:\/\/www.caririemacao.com\/1\/wp-json\/wp\/v2\/posts\/56366\/revisions\/56367"}],"wp:featuredmedia":[{"embeddable":true,"href":"https:\/\/www.caririemacao.com\/1\/wp-json\/wp\/v2\/media\/19695"}],"wp:attachment":[{"href":"https:\/\/www.caririemacao.com\/1\/wp-json\/wp\/v2\/media?parent=56366"}],"wp:term":[{"taxonomy":"category","embeddable":true,"href":"https:\/\/www.caririemacao.com\/1\/wp-json\/wp\/v2\/categories?post=56366"},{"taxonomy":"post_tag","embeddable":true,"href":"https:\/\/www.caririemacao.com\/1\/wp-json\/wp\/v2\/tags?post=56366"}],"curies":[{"name":"wp","href":"https:\/\/api.w.org\/{rel}","templated":true}]}}