{"id":56371,"date":"2018-07-05T06:33:19","date_gmt":"2018-07-05T09:33:19","guid":{"rendered":"http:\/\/caririemacao.com\/1\/?p=56371"},"modified":"2018-07-05T06:33:19","modified_gmt":"2018-07-05T09:33:19","slug":"stf-julga-em-agosto-acao-que-permite-educacao-de-filhos-em-casa","status":"publish","type":"post","link":"https:\/\/www.caririemacao.com\/1\/2018\/07\/05\/stf-julga-em-agosto-acao-que-permite-educacao-de-filhos-em-casa\/","title":{"rendered":"STF julga em agosto a\u00e7\u00e3o que permite educa\u00e7\u00e3o de filhos em casa"},"content":{"rendered":"<p>A partir desta segunda-feira (2), o Poder Judici\u00e1rio est\u00e1 oficialmente em recesso. Ser\u00e3o 30 dias e, neste per\u00edodo previsto em lei, n\u00e3o haver\u00e1 sess\u00f5es de \u00f3rg\u00e3os colegiados e plen\u00e1rio e os prazos processuais ficam suspensos.<\/p>\n<p>De acordo com determina\u00e7\u00f5es do Conselho Nacional de Justi\u00e7a (CNJ) e dos tribunais superiores, os prazos que come\u00e7am ou terminam de 2 a 31 de julho ficam automaticamente prorrogados para o dia 1\u00ba de agosto.<\/p>\n<p>As \u00e1reas ligadas aos servi\u00e7os processuais devem manter plant\u00e3o para atendimento ao p\u00fablico no per\u00edodo de f\u00e9rias coletivas dos ministros.<\/p>\n<p>J\u00e1 os casos mais urgentes, como mandados de seguran\u00e7a, medidas cautelares e diss\u00eddios coletivos de greve em categorias essenciais ser\u00e3o analisados pela Presid\u00eancia do tribunal.<\/p>\n<p>No Supremo Tribunal Federal (STF), por exemplo, os casos urgentes ser\u00e3o julgados pela ministra C\u00e1rmen L\u00facia.<\/p>\n<p>Os magistrados voltam a trabalhar na primeira semana de agosto. E, em alguns casos, as Cortes t\u00eam julgamentos importantes, j\u00e1 marcados para o m\u00eas.<\/p>\n<p>No Supremo, os ministros v\u00e3o julgar, por exemplo, uma a\u00e7\u00e3o que trata da possibilidade de pais se recusarem a matricular seus filhos em escolas p\u00fablicas ou privadas tradicionais e educar as crian\u00e7as em casa.<\/p>\n<p>Tamb\u00e9m devem decidir sobre o recurso que pede a liberdade do ex-presidente Luiz In\u00e1cio Lula da Silva.<\/p>\n<p><strong>CARIRI EM A\u00c7\u00c3O<\/strong><\/p>\n<p>Com Portal Correio\/Foto: Reprodu\u00e7\u00e3o Internet<\/p>\n<p>Leia mais not\u00edcias em\u00a0<a href=\"http:\/\/www.caririemacao.com\/\">caririemacao.com<\/a>, siga nossa p\u00e1gina no\u00a0<a href=\"https:\/\/www.facebook.com\/CaririEmAcao\/?ref=aymt_homepage_panel\">Facebook<\/a>,\u00a0<a href=\"https:\/\/www.instagram.com\/cariri_em_acao\/?hl=pt-br\">Instagram<\/a>\u00a0e <a href=\"https:\/\/www.youtube.com\/channel\/UCAptA0jQuYQy8vMhLt2m4qg\">Youtube<\/a>\u00a0e veja nossas mat\u00e9rias, v\u00eddeos e fotos. Voc\u00ea tamb\u00e9m pode enviar informa\u00e7\u00f5es \u00e0 Reda\u00e7\u00e3o do Portal Cariri em A\u00e7\u00e3o pelo WhatsApp (83) 9 9634.5791, (83) 9 9601-1162.<\/p>\n","protected":false},"excerpt":{"rendered":"<p>A partir desta segunda-feira (2), o Poder Judici\u00e1rio est\u00e1 oficialmente em recesso. Ser\u00e3o 30 dias e, neste per\u00edodo previsto em lei, n\u00e3o haver\u00e1 sess\u00f5es de&hellip; <\/p>\n","protected":false},"author":1,"featured_media":56374,"comment_status":"closed","ping_status":"closed","sticky":false,"template":"","format":"standard","meta":{"sfsi_plus_gutenberg_text_before_share":"","sfsi_plus_gutenberg_show_text_before_share":"","sfsi_plus_gutenberg_icon_type":"","sfsi_plus_gutenberg_icon_alignemt":"","sfsi_plus_gutenburg_max_per_row":"","footnotes":""},"categories":[14],"tags":[],"class_list":["post-56371","post","type-post","status-publish","format-standard","has-post-thumbnail","hentry","category-educacao"],"_links":{"self":[{"href":"https:\/\/www.caririemacao.com\/1\/wp-json\/wp\/v2\/posts\/56371","targetHints":{"allow":["GET"]}}],"collection":[{"href":"https:\/\/www.caririemacao.com\/1\/wp-json\/wp\/v2\/posts"}],"about":[{"href":"https:\/\/www.caririemacao.com\/1\/wp-json\/wp\/v2\/types\/post"}],"author":[{"embeddable":true,"href":"https:\/\/www.caririemacao.com\/1\/wp-json\/wp\/v2\/users\/1"}],"replies":[{"embeddable":true,"href":"https:\/\/www.caririemacao.com\/1\/wp-json\/wp\/v2\/comments?post=56371"}],"version-history":[{"count":1,"href":"https:\/\/www.caririemacao.com\/1\/wp-json\/wp\/v2\/posts\/56371\/revisions"}],"predecessor-version":[{"id":56375,"href":"https:\/\/www.caririemacao.com\/1\/wp-json\/wp\/v2\/posts\/56371\/revisions\/56375"}],"wp:featuredmedia":[{"embeddable":true,"href":"https:\/\/www.caririemacao.com\/1\/wp-json\/wp\/v2\/media\/56374"}],"wp:attachment":[{"href":"https:\/\/www.caririemacao.com\/1\/wp-json\/wp\/v2\/media?parent=56371"}],"wp:term":[{"taxonomy":"category","embeddable":true,"href":"https:\/\/www.caririemacao.com\/1\/wp-json\/wp\/v2\/categories?post=56371"},{"taxonomy":"post_tag","embeddable":true,"href":"https:\/\/www.caririemacao.com\/1\/wp-json\/wp\/v2\/tags?post=56371"}],"curies":[{"name":"wp","href":"https:\/\/api.w.org\/{rel}","templated":true}]}}