{"id":56378,"date":"2018-07-05T06:40:04","date_gmt":"2018-07-05T09:40:04","guid":{"rendered":"http:\/\/caririemacao.com\/1\/?p=56378"},"modified":"2018-07-05T06:40:04","modified_gmt":"2018-07-05T09:40:04","slug":"prefeito-adriano-wolff-confirma-presenca-em-evento-promovido-pelo-governo-do-estado-nesta-quinta-feira-em-monteiro","status":"publish","type":"post","link":"https:\/\/www.caririemacao.com\/1\/2018\/07\/05\/prefeito-adriano-wolff-confirma-presenca-em-evento-promovido-pelo-governo-do-estado-nesta-quinta-feira-em-monteiro\/","title":{"rendered":"Prefeito Adriano Wolff confirma presen\u00e7a em evento promovido pelo governo do estado nesta quinta feira em Monteiro"},"content":{"rendered":"<p>O Prefeito de SS do Umbuzeiro Adriano Wolff confirmou presen\u00e7a no evento promovido pelo governo do estado que vai acontecer nesta quinta feira em Monteiro inclusive com a presen\u00e7a do governador Ricardo Coutinho.<\/p>\n<p>O governador Ricardo Coutinho lan\u00e7a, um pacote de a\u00e7\u00f5es do Projeto de Desenvolvimento Sustent\u00e1vel do Cariri, Serid\u00f3 e Curimata\u00fa (Procase) para 2018. As a\u00e7\u00f5es representam um investimento de R$ 40 milh\u00f5es e beneficiam 56 munic\u00edpios paraibanos.<\/p>\n<p>Na ocasi\u00e3o, ainda ser\u00e1 feita a entrega dos tratores e demais implementos que comp\u00f5em as patrulhas agr\u00edcolas mecanizadas. Esses equipamentos, por meio de cess\u00e3o de uso, ir\u00e3o beneficiar nove munic\u00edpios margeados pelo Rio Para\u00edba\/S\u00e3o Francisco.<\/p>\n<p>A solenidade acontecer\u00e1 na Pra\u00e7a Jo\u00e3o Pessoa, e reunir\u00e1 lideran\u00e7as pol\u00edticas de Monteiro e de toda regi\u00e3o do Cariri paraibano.<\/p>\n<p>O prefeito Adriano afirmou que al\u00e9m dele, do vice prefeito, secret\u00e1rios e vereadores, tamb\u00e9m participar\u00e3o pescadores, rendeiras, agricultores, associa\u00e7\u00f5es de assentamentos de SS do Umbuzeiro, fam\u00edlias inteiras que foram beneficiadas com o programa<\/p>\n<p>\u201cEstaremos l\u00e1 sim. O povo de Umbuzeiro sabe reconhecer os benef\u00edcios e conquistas que s\u00e3o alcan\u00e7adas atrav\u00e9s desta parceria com o governo do estado. Programas como o PROCASE s\u00f3 ajudam a desenvolver regi\u00f5es como a nossa, por isso estaremos l\u00e1 como forma de agradecer ao governador e a toda sua equipe por este trabalho que tanto nos beneficia e continuar\u00e1 beneficiando\u201d, disse o prefeito Adriano.<\/p>\n<p><strong>CARIRI EM A\u00c7\u00c3O<\/strong><\/p>\n<p>Com F\u00e1bio Brito<\/p>\n<p>Leia mais not\u00edcias em\u00a0<a href=\"http:\/\/www.caririemacao.com\/\">caririemacao.com<\/a>, siga nossa p\u00e1gina no\u00a0<a href=\"https:\/\/www.facebook.com\/CaririEmAcao\/?ref=aymt_homepage_panel\">Facebook<\/a>,\u00a0<a href=\"https:\/\/www.instagram.com\/cariri_em_acao\/?hl=pt-br\">Instagram<\/a>\u00a0e <a href=\"https:\/\/www.youtube.com\/channel\/UCAptA0jQuYQy8vMhLt2m4qg\">Youtube<\/a>\u00a0e veja nossas mat\u00e9rias, v\u00eddeos e fotos. Voc\u00ea tamb\u00e9m pode enviar informa\u00e7\u00f5es \u00e0 Reda\u00e7\u00e3o do Portal Cariri em A\u00e7\u00e3o pelo WhatsApp (83) 9 9634.5791, (83) 9 9601-1162.<\/p>\n","protected":false},"excerpt":{"rendered":"<p>O Prefeito de SS do Umbuzeiro Adriano Wolff confirmou presen\u00e7a no evento promovido pelo governo do estado que vai acontecer nesta quinta feira em Monteiro&hellip; <\/p>\n","protected":false},"author":1,"featured_media":25951,"comment_status":"closed","ping_status":"closed","sticky":false,"template":"","format":"standard","meta":{"sfsi_plus_gutenberg_text_before_share":"","sfsi_plus_gutenberg_show_text_before_share":"","sfsi_plus_gutenberg_icon_type":"","sfsi_plus_gutenberg_icon_alignemt":"","sfsi_plus_gutenburg_max_per_row":"","footnotes":""},"categories":[6],"tags":[],"class_list":["post-56378","post","type-post","status-publish","format-standard","has-post-thumbnail","hentry","category-cidades"],"_links":{"self":[{"href":"https:\/\/www.caririemacao.com\/1\/wp-json\/wp\/v2\/posts\/56378","targetHints":{"allow":["GET"]}}],"collection":[{"href":"https:\/\/www.caririemacao.com\/1\/wp-json\/wp\/v2\/posts"}],"about":[{"href":"https:\/\/www.caririemacao.com\/1\/wp-json\/wp\/v2\/types\/post"}],"author":[{"embeddable":true,"href":"https:\/\/www.caririemacao.com\/1\/wp-json\/wp\/v2\/users\/1"}],"replies":[{"embeddable":true,"href":"https:\/\/www.caririemacao.com\/1\/wp-json\/wp\/v2\/comments?post=56378"}],"version-history":[{"count":2,"href":"https:\/\/www.caririemacao.com\/1\/wp-json\/wp\/v2\/posts\/56378\/revisions"}],"predecessor-version":[{"id":56389,"href":"https:\/\/www.caririemacao.com\/1\/wp-json\/wp\/v2\/posts\/56378\/revisions\/56389"}],"wp:featuredmedia":[{"embeddable":true,"href":"https:\/\/www.caririemacao.com\/1\/wp-json\/wp\/v2\/media\/25951"}],"wp:attachment":[{"href":"https:\/\/www.caririemacao.com\/1\/wp-json\/wp\/v2\/media?parent=56378"}],"wp:term":[{"taxonomy":"category","embeddable":true,"href":"https:\/\/www.caririemacao.com\/1\/wp-json\/wp\/v2\/categories?post=56378"},{"taxonomy":"post_tag","embeddable":true,"href":"https:\/\/www.caririemacao.com\/1\/wp-json\/wp\/v2\/tags?post=56378"}],"curies":[{"name":"wp","href":"https:\/\/api.w.org\/{rel}","templated":true}]}}