{"id":56391,"date":"2018-07-05T14:33:15","date_gmt":"2018-07-05T17:33:15","guid":{"rendered":"http:\/\/caririemacao.com\/1\/?p=56391"},"modified":"2018-07-05T14:33:15","modified_gmt":"2018-07-05T17:33:15","slug":"cansaco-e-sintoma-pouco-lembrado-de-disturbio-que-afeta-o-utero","status":"publish","type":"post","link":"https:\/\/www.caririemacao.com\/1\/2018\/07\/05\/cansaco-e-sintoma-pouco-lembrado-de-disturbio-que-afeta-o-utero\/","title":{"rendered":"Cansa\u00e7o \u00e9 sintoma pouco lembrado de dist\u00farbio que afeta o \u00fatero"},"content":{"rendered":"<p>Cansa\u00e7o excessivo nem sempre \u00e9 sinal de falta de sono e pode estar relacionado a diversos problemas de sa\u00fade e \u00e9, inclusive, um dos sintomas menos lembrados de endometriose, uma doen\u00e7a grave que, se n\u00e3o tratada, pode causar dores intensas e at\u00e9 infertilidade.<\/p>\n<p>A endometriose \u00e9 caracterizada pela presen\u00e7a do endom\u00e9trio, camada que reveste a regi\u00e3o interna do \u00fatero, fora do \u00f3rg\u00e3o. De acordo com um estudo feito pelo Hospital Universit\u00e1rio de Zurique, na Su\u00ed\u00e7a, mulheres que sofrem com a doen\u00e7a t\u00eam duas vezes\u00a0mais chances de experimentar fadiga\u00a0e cansa\u00e7o.<\/p>\n<h2>Cansa\u00e7o pode ser sintoma de endometriose<\/h2>\n<p>Segundo os pesquisadores, o cansa\u00e7o pode ocorrer porque a endometriose causa no organismo les\u00f5es que ativam o sistema imunol\u00f3gico, o que, consequentemente, deixariam as mulheres mais exaustas.<\/p>\n<p>Os estudiosos dizem que entender a\u00a0liga\u00e7\u00e3o entre a endometriose e a fadiga\u00a0pode ajudar os m\u00e9dicos a melhorarem a vida de seus pacientes, abordando tratamentos que possam combater diretamente o cansa\u00e7o.<\/p>\n<p>A\u00a0endometriose n\u00e3o tem cura, mas tampouco leva \u00e0 morte. No entanto, o diagn\u00f3stico pr\u00e9vio e o tratamento correto podem amenizar os sintomas mais comuns da doen\u00e7a, como o pr\u00f3prio cansa\u00e7o, c\u00f3licas frequentes e intensas, dores abdominais, intestino preso ou solto, dor para evacuar durante a menstrua\u00e7\u00e3o, dores e desconfortos durante o sexo, entre outros.<\/p>\n<p><strong>CARIRI EM A\u00c7\u00c3O<\/strong><\/p>\n<p>Com Vix\/Foto: Reprodu\u00e7\u00e3o Internet<\/p>\n<p>Leia mais not\u00edcias em\u00a0<a href=\"http:\/\/www.caririemacao.com\/\">caririemacao.com<\/a>, siga nossa p\u00e1gina no\u00a0<a href=\"https:\/\/www.facebook.com\/CaririEmAcao\/?ref=aymt_homepage_panel\">Facebook<\/a>,\u00a0<a href=\"https:\/\/www.instagram.com\/cariri_em_acao\/?hl=pt-br\">Instagram<\/a>\u00a0e\u00a0<a href=\"https:\/\/www.youtube.com\/channel\/UCAptA0jQuYQy8vMhLt2m4qg\">Youtube<\/a>\u00a0e veja nossas mat\u00e9rias, v\u00eddeos e fotos. Voc\u00ea tamb\u00e9m pode enviar informa\u00e7\u00f5es \u00e0 Reda\u00e7\u00e3o do Portal Cariri em A\u00e7\u00e3o pelo WhatsApp (83) 9 9634.5791, (83) 9 9601-1162.<\/p>\n","protected":false},"excerpt":{"rendered":"<p>Cansa\u00e7o excessivo nem sempre \u00e9 sinal de falta de sono e pode estar relacionado a diversos problemas de sa\u00fade e \u00e9, inclusive, um dos sintomas&hellip; <\/p>\n","protected":false},"author":2,"featured_media":56392,"comment_status":"closed","ping_status":"closed","sticky":false,"template":"","format":"standard","meta":{"sfsi_plus_gutenberg_text_before_share":"","sfsi_plus_gutenberg_show_text_before_share":"","sfsi_plus_gutenberg_icon_type":"","sfsi_plus_gutenberg_icon_alignemt":"","sfsi_plus_gutenburg_max_per_row":"","footnotes":""},"categories":[16],"tags":[],"class_list":["post-56391","post","type-post","status-publish","format-standard","has-post-thumbnail","hentry","category-saude"],"_links":{"self":[{"href":"https:\/\/www.caririemacao.com\/1\/wp-json\/wp\/v2\/posts\/56391","targetHints":{"allow":["GET"]}}],"collection":[{"href":"https:\/\/www.caririemacao.com\/1\/wp-json\/wp\/v2\/posts"}],"about":[{"href":"https:\/\/www.caririemacao.com\/1\/wp-json\/wp\/v2\/types\/post"}],"author":[{"embeddable":true,"href":"https:\/\/www.caririemacao.com\/1\/wp-json\/wp\/v2\/users\/2"}],"replies":[{"embeddable":true,"href":"https:\/\/www.caririemacao.com\/1\/wp-json\/wp\/v2\/comments?post=56391"}],"version-history":[{"count":1,"href":"https:\/\/www.caririemacao.com\/1\/wp-json\/wp\/v2\/posts\/56391\/revisions"}],"predecessor-version":[{"id":56393,"href":"https:\/\/www.caririemacao.com\/1\/wp-json\/wp\/v2\/posts\/56391\/revisions\/56393"}],"wp:featuredmedia":[{"embeddable":true,"href":"https:\/\/www.caririemacao.com\/1\/wp-json\/wp\/v2\/media\/56392"}],"wp:attachment":[{"href":"https:\/\/www.caririemacao.com\/1\/wp-json\/wp\/v2\/media?parent=56391"}],"wp:term":[{"taxonomy":"category","embeddable":true,"href":"https:\/\/www.caririemacao.com\/1\/wp-json\/wp\/v2\/categories?post=56391"},{"taxonomy":"post_tag","embeddable":true,"href":"https:\/\/www.caririemacao.com\/1\/wp-json\/wp\/v2\/tags?post=56391"}],"curies":[{"name":"wp","href":"https:\/\/api.w.org\/{rel}","templated":true}]}}