{"id":56394,"date":"2018-07-05T14:36:20","date_gmt":"2018-07-05T17:36:20","guid":{"rendered":"http:\/\/caririemacao.com\/1\/?p=56394"},"modified":"2018-07-05T14:36:20","modified_gmt":"2018-07-05T17:36:20","slug":"na-paraiba-boulos-promete-revogar-medidas-de-temer-quer-lula-candidato-e-intima-bolsonaro-a-debate","status":"publish","type":"post","link":"https:\/\/www.caririemacao.com\/1\/2018\/07\/05\/na-paraiba-boulos-promete-revogar-medidas-de-temer-quer-lula-candidato-e-intima-bolsonaro-a-debate\/","title":{"rendered":"Na Para\u00edba, Boulos promete revogar medidas de Temer, quer Lula candidato e intima Bolsonaro a debate"},"content":{"rendered":"<p>O pr\u00e9-candidato \u00e0 presid\u00eancia da rep\u00fablica, Guilherme Boulos (PSOL), durante entrevista na Para\u00edba nesta quinta-feira (5), declarou que, se assumir \u00e0 presid\u00eancia, ir\u00e1 propor um plebiscito com o objeto de revogar as medidas do governo Temer. Segundo Boulos, \u00e0 Arapuan Fm, a a\u00e7\u00e3o ser\u00e1 a sua primeira como presidente.<\/p>\n<p>\u2018\u2019Em primeiro de janeiro de 2019 vamos mandar par ao congresso e para a sociedade, a proposta de um plebiscito para revogar todas as medidas de Temer: reforma trabalhista, congelamento de gastos, entrega do pr\u00e9-sal, reforma do ensino m\u00e9dio\u201d, disse.<\/p>\n<p>Questionado sobre a possibilidade de disputar votos como ex-presidente Lula (PT), o psolista\u00a0declarou que defende a candidatura do petista e que a sua condena\u00e7\u00e3o foi uma \u2018farsa judicial\u201d.<\/p>\n<p>\u201cDemocracia n\u00e3o se negocia, princ\u00edpio n\u00e3o se pode abrir m\u00e3o por conveni\u00eancia. Defendemos Lula candidato, porque entendemos que sua condena\u00e7\u00e3o \u00e9 uma farsa judicial. Se isso vai prejudicar ou beneficiar \u00e9 outra coisa, \u00e9 parte do jogo, agora o jogo tem que ter regra e a regra tem que ser democr\u00e1tica\u201d, destacou.<\/p>\n<p>Cr\u00edtico ferrenho do pr\u00e9-candidato Jair Bolsonaro (PSL), Guilherme ainda cobrou a presen\u00e7a do presidenci\u00e1vel em debates e afirmou que o deputado \u2018foge\u2019 de questionamentos. Ao comentar sobre suas propostas para seguran\u00e7a p\u00fablica, ele afirmou que Bolsonaro faz pol\u00edtica \u2018em cima de cad\u00e1ver\u2019.<\/p>\n<p>\u201cN\u00e3o \u00e9 com grito, n\u00e3o \u00e9 com demagogia, explora\u00e7\u00e3o do medo das pessoas, fazendo pol\u00edtica em cima de cad\u00e1ver que \u00e9 o que Jair Bolsonaro faz. Repito, est\u00e1 feito o desafio para ele, \u00e9 valent\u00e3o diz que faz e na hora do debate se esconde em baixo da mesa, quero ver debater ideia, se escondeu no banheiro o aeroporto de Congonhas, que coisa feia para algu\u00e9m que quer ser presidente,\u201d alfinetou.<\/p>\n<p><strong>CARIRI EM A\u00c7\u00c3O<\/strong><\/p>\n<p>Com Wscom \/Foto: Reprodu\u00e7\u00e3o Internet<\/p>\n<p>Leia mais not\u00edcias em\u00a0<a href=\"http:\/\/www.caririemacao.com\/\">caririemacao.com<\/a>, siga nossa p\u00e1gina no\u00a0<a href=\"https:\/\/www.facebook.com\/CaririEmAcao\/?ref=aymt_homepage_panel\">Facebook<\/a>,\u00a0<a href=\"https:\/\/www.instagram.com\/cariri_em_acao\/?hl=pt-br\">Instagram<\/a>\u00a0e\u00a0<a href=\"https:\/\/www.youtube.com\/channel\/UCAptA0jQuYQy8vMhLt2m4qg\">Youtube<\/a>\u00a0e veja nossas mat\u00e9rias, v\u00eddeos e fotos. Voc\u00ea tamb\u00e9m pode enviar informa\u00e7\u00f5es \u00e0 Reda\u00e7\u00e3o do Portal Cariri em A\u00e7\u00e3o pelo WhatsApp (83) 9 9634.5791, (83) 9 9601-1162.<\/p>\n","protected":false},"excerpt":{"rendered":"<p>O pr\u00e9-candidato \u00e0 presid\u00eancia da rep\u00fablica, Guilherme Boulos (PSOL), durante entrevista na Para\u00edba nesta quinta-feira (5), declarou que, se assumir \u00e0 presid\u00eancia, ir\u00e1 propor um&hellip; <\/p>\n","protected":false},"author":2,"featured_media":56395,"comment_status":"closed","ping_status":"closed","sticky":false,"template":"","format":"standard","meta":{"sfsi_plus_gutenberg_text_before_share":"","sfsi_plus_gutenberg_show_text_before_share":"","sfsi_plus_gutenberg_icon_type":"","sfsi_plus_gutenberg_icon_alignemt":"","sfsi_plus_gutenburg_max_per_row":"","footnotes":""},"categories":[11],"tags":[],"class_list":["post-56394","post","type-post","status-publish","format-standard","has-post-thumbnail","hentry","category-politica"],"_links":{"self":[{"href":"https:\/\/www.caririemacao.com\/1\/wp-json\/wp\/v2\/posts\/56394","targetHints":{"allow":["GET"]}}],"collection":[{"href":"https:\/\/www.caririemacao.com\/1\/wp-json\/wp\/v2\/posts"}],"about":[{"href":"https:\/\/www.caririemacao.com\/1\/wp-json\/wp\/v2\/types\/post"}],"author":[{"embeddable":true,"href":"https:\/\/www.caririemacao.com\/1\/wp-json\/wp\/v2\/users\/2"}],"replies":[{"embeddable":true,"href":"https:\/\/www.caririemacao.com\/1\/wp-json\/wp\/v2\/comments?post=56394"}],"version-history":[{"count":1,"href":"https:\/\/www.caririemacao.com\/1\/wp-json\/wp\/v2\/posts\/56394\/revisions"}],"predecessor-version":[{"id":56396,"href":"https:\/\/www.caririemacao.com\/1\/wp-json\/wp\/v2\/posts\/56394\/revisions\/56396"}],"wp:featuredmedia":[{"embeddable":true,"href":"https:\/\/www.caririemacao.com\/1\/wp-json\/wp\/v2\/media\/56395"}],"wp:attachment":[{"href":"https:\/\/www.caririemacao.com\/1\/wp-json\/wp\/v2\/media?parent=56394"}],"wp:term":[{"taxonomy":"category","embeddable":true,"href":"https:\/\/www.caririemacao.com\/1\/wp-json\/wp\/v2\/categories?post=56394"},{"taxonomy":"post_tag","embeddable":true,"href":"https:\/\/www.caririemacao.com\/1\/wp-json\/wp\/v2\/tags?post=56394"}],"curies":[{"name":"wp","href":"https:\/\/api.w.org\/{rel}","templated":true}]}}