{"id":56397,"date":"2018-07-05T14:38:52","date_gmt":"2018-07-05T17:38:52","guid":{"rendered":"http:\/\/caririemacao.com\/1\/?p=56397"},"modified":"2018-07-05T14:38:52","modified_gmt":"2018-07-05T17:38:52","slug":"ricardo-diz-que-tera-honra-em-passar-governo-a-azevedo-a-pessoa-mais-preparada","status":"publish","type":"post","link":"https:\/\/www.caririemacao.com\/1\/2018\/07\/05\/ricardo-diz-que-tera-honra-em-passar-governo-a-azevedo-a-pessoa-mais-preparada\/","title":{"rendered":"Ricardo diz que ter\u00e1 \u2018honra\u2019 em passar Governo a Azevedo: \u201cA pessoa mais preparada\u201d"},"content":{"rendered":"<p>A popula\u00e7\u00e3o do Curimata\u00fa recebeu na noite dessa quarta-feira (04), com grande entusiasmo, o pr\u00e9-candidato ao Governo do Estado, Jo\u00e3o Azev\u00eado (PSB), durante o Encontro Regional do PSB, que aconteceu na cidade de Picu\u00ed. Ao lado de Jo\u00e3o estava o governador da Para\u00edba, Ricardo Coutinho, al\u00e9m de 9 prefeitos da regi\u00e3o. O deputado estadual Buba Germano (PSB), as pr\u00e9-candidatas a deputada federal Ana Cl\u00e1udia Vital (Podemos), Sandra Marrocos (PSB), e a pr\u00e9-candidata a deputada estadual, Rafaela Camaraense (PPS), tamb\u00e9m estavam presentes no encontro.<\/p>\n<p>Nove prefeitos que apoiam o projeto de Jo\u00e3o marcaram presen\u00e7a no evento, foram eles: Graciete (S\u00e3o Vicente do Serid\u00f3), Dudu Dantas (Cubati), Aido (Frei Martinho), Ailton (Nova Palmeira), Jarson (Nova Floresta), Neto (Barra de Santa Rosa), Lucildo (Dami\u00e3o), Manass\u00e9s (Barauna) e Neide (Sossego).<\/p>\n<p>\u201cEssa \u00e9 uma noite muito especial porque estamos desde cedo passando pelas cidades do Curimata\u00fa, conversando com as pessoas e entendendo cada vez mais que esse \u00e9 o caminho que leva a Para\u00edba para frente. Me sinto bastante feliz de estar ao lado de voc\u00eas e do meu companheiro Ricardo\u201d, agradeceu Jo\u00e3o Azev\u00eado durante o encontro.<\/p>\n<p>O pr\u00e9-candidato ainda explicou que contar\u00e1 com o trabalho de cada paraibano para continuar com o crescimento da Para\u00edba, caso seja eleito governador. \u201cEstamos em uma regi\u00e3o que recebeu mais de R$600\u00a0milh\u00f5es em investimentos. O Estado est\u00e1 construindo uma obra de extrema import\u00e2ncia para as cidades dessa regi\u00e3o, que \u00e9 a TransPara\u00edba. Essa obra est\u00e1 sendo erguida porque criamos uma nova pol\u00edtica de seguran\u00e7a h\u00eddrica, assim como outras pol\u00edticas voltadas para os quilombolas, mulheres, agricultor, entre outros p\u00fablicos. Queremos dar continuidade a tudo isso e caso eleito, eu irei governar esse estado com o apoio de cada cidad\u00e3o paraibano\u201d, acrescentou Jo\u00e3o.<\/p>\n<p>O governador Ricardo Coutinho esteve ao lado de Jo\u00e3o durante o encontro e destacou as qualidades do seu companheiro de governo. \u201cEu terei a maior honra em passar a faixa de governador para Jo\u00e3o porque eu sei que ele \u00e9 a pessoa mais preparada para administrar esse Estado. Jo\u00e3o n\u00e3o vai precisar aprender do zero, ele j\u00e1 possui um profundo conhecimento sobre cada munic\u00edpio paraibano. Jo\u00e3o ajudou a planejar e executas grandes obras e todo esse patrim\u00f4nio foi comandado por ele. Precisamos ter a continuidade disso tudo\u201d, disse Ricardo.<\/p>\n<p>O deputado estadual Buba Germano, falou da presen\u00e7a de Jo\u00e3o Azev\u00eado na regi\u00e3o. \u201cAt\u00e9 o ano de 2010 se investia na Para\u00edba cerca de R$400\u00a0milh\u00f5es por ano. Hoje, n\u00f3s superamos a marca de R$1\u00a0bilh\u00e3o, tr\u00eas vezes mais em investimento. Ou seja, foram mais de R$ 8 bilh\u00f5es investidos em obras e tudo isso passou pela m\u00e3o de Jo\u00e3o Azev\u00eado. Sendo eleito, Jo\u00e3o n\u00e3o ter\u00e1 problemas para governar a Para\u00edba porque o estado j\u00e1 est\u00e1 equilibrado. N\u00e3o podemos permitir que tudo o que foi constru\u00eddo seja destru\u00eddo por maus governos\u201d, enfatizou Buba.<\/p>\n<p>O prefeito da cidade de Cubati, Dudu Dantas (PSB), discursou representando todos os prefeitos presentes no encontro. O gestor municipal disse que Jo\u00e3o, sendo eleito, a vit\u00f3ria ser\u00e1 de todo o povo paraibano. \u201cPara que a Para\u00edba continue com a TransPara\u00edba, as estradas, escolas reformadas, hospitais sendo constru\u00eddos, precisamos ter Jo\u00e3o Azev\u00eado comandado esse Estado\u201d, disse Dudu.<\/p>\n<p>O Encontro Regional do PSB em Picu\u00ed, tamb\u00e9m contou com a presen\u00e7a da ex-deputada estadual, Gilma Germano, dos vice-prefeitos Jo\u00e3o Cavalcanti (Nova Floresta), Ti\u00e3o (Frei Martinho), Wanderley (Bara\u00fana), dos ex-prefeitos Ac\u00e1cio (Picu\u00ed), Roberto Cordeiro (Pedra Lavrada), Tota Guedes (Pedra Lavrada), Galeguinho (Frei Martinho), Z\u00e9 Pereira (Frei Martinho), Z\u00e9 pinto (Frei Martinho), Alisson (Bara\u00fana), Alberto (Barra de Santa Rosa), Carlinhos (Sossego). Vereadores e presidentes de partidos tamb\u00e9m marcaram presen\u00e7a no evento.<\/p>\n<p><strong>CARIRI EM A\u00c7\u00c3O<\/strong><\/p>\n<p>Com Wscom\/Foto: Reprodu\u00e7\u00e3o Internet<\/p>\n<p>Leia mais not\u00edcias em\u00a0<a href=\"http:\/\/www.caririemacao.com\/\">caririemacao.com<\/a>, siga nossa p\u00e1gina no\u00a0<a href=\"https:\/\/www.facebook.com\/CaririEmAcao\/?ref=aymt_homepage_panel\">Facebook<\/a>,\u00a0<a href=\"https:\/\/www.instagram.com\/cariri_em_acao\/?hl=pt-br\">Instagram<\/a>\u00a0e\u00a0<a href=\"https:\/\/www.youtube.com\/channel\/UCAptA0jQuYQy8vMhLt2m4qg\">Youtube<\/a>\u00a0e veja nossas mat\u00e9rias, v\u00eddeos e fotos. Voc\u00ea tamb\u00e9m pode enviar informa\u00e7\u00f5es \u00e0 Reda\u00e7\u00e3o do Portal Cariri em A\u00e7\u00e3o pelo WhatsApp (83) 9 9634.5791, (83) 9 9601-1162.<\/p>\n","protected":false},"excerpt":{"rendered":"<p>A popula\u00e7\u00e3o do Curimata\u00fa recebeu na noite dessa quarta-feira (04), com grande entusiasmo, o pr\u00e9-candidato ao Governo do Estado, Jo\u00e3o Azev\u00eado (PSB), durante o Encontro&hellip; <\/p>\n","protected":false},"author":2,"featured_media":2268,"comment_status":"closed","ping_status":"closed","sticky":false,"template":"","format":"standard","meta":{"sfsi_plus_gutenberg_text_before_share":"","sfsi_plus_gutenberg_show_text_before_share":"","sfsi_plus_gutenberg_icon_type":"","sfsi_plus_gutenberg_icon_alignemt":"","sfsi_plus_gutenburg_max_per_row":"","footnotes":""},"categories":[11],"tags":[],"class_list":["post-56397","post","type-post","status-publish","format-standard","has-post-thumbnail","hentry","category-politica"],"_links":{"self":[{"href":"https:\/\/www.caririemacao.com\/1\/wp-json\/wp\/v2\/posts\/56397","targetHints":{"allow":["GET"]}}],"collection":[{"href":"https:\/\/www.caririemacao.com\/1\/wp-json\/wp\/v2\/posts"}],"about":[{"href":"https:\/\/www.caririemacao.com\/1\/wp-json\/wp\/v2\/types\/post"}],"author":[{"embeddable":true,"href":"https:\/\/www.caririemacao.com\/1\/wp-json\/wp\/v2\/users\/2"}],"replies":[{"embeddable":true,"href":"https:\/\/www.caririemacao.com\/1\/wp-json\/wp\/v2\/comments?post=56397"}],"version-history":[{"count":1,"href":"https:\/\/www.caririemacao.com\/1\/wp-json\/wp\/v2\/posts\/56397\/revisions"}],"predecessor-version":[{"id":56398,"href":"https:\/\/www.caririemacao.com\/1\/wp-json\/wp\/v2\/posts\/56397\/revisions\/56398"}],"wp:featuredmedia":[{"embeddable":true,"href":"https:\/\/www.caririemacao.com\/1\/wp-json\/wp\/v2\/media\/2268"}],"wp:attachment":[{"href":"https:\/\/www.caririemacao.com\/1\/wp-json\/wp\/v2\/media?parent=56397"}],"wp:term":[{"taxonomy":"category","embeddable":true,"href":"https:\/\/www.caririemacao.com\/1\/wp-json\/wp\/v2\/categories?post=56397"},{"taxonomy":"post_tag","embeddable":true,"href":"https:\/\/www.caririemacao.com\/1\/wp-json\/wp\/v2\/tags?post=56397"}],"curies":[{"name":"wp","href":"https:\/\/api.w.org\/{rel}","templated":true}]}}