{"id":56419,"date":"2018-07-05T19:49:06","date_gmt":"2018-07-05T22:49:06","guid":{"rendered":"http:\/\/caririemacao.com\/1\/?p=56419"},"modified":"2018-07-05T19:49:06","modified_gmt":"2018-07-05T22:49:06","slug":"meu-partido-e-o-partido-de-monteiro-diz-lorena-durante-visita-de-rc","status":"publish","type":"post","link":"https:\/\/www.caririemacao.com\/1\/2018\/07\/05\/meu-partido-e-o-partido-de-monteiro-diz-lorena-durante-visita-de-rc\/","title":{"rendered":"\u201cMeu partido \u00e9 o partido de Monteiro\u201d, diz Lorena durante visita de RC"},"content":{"rendered":"<p>A Prefeita de Monteiro, Anna Lorena (PSDB), cumpriu agenda nesta quinta-feira, 05, ao lado do governador Ricardo Coutinho (PSDB), no munic\u00edpio de Monteiro, e ao lado do seu vice-prefeito, Celecileno, vereadores, auxiliares e apoiadores, fez quest\u00e3o de receber o chefe do executivo do Estado.<\/p>\n<p>Em seu discurso na solenidade de lan\u00e7amento do pacote de a\u00e7\u00f5es do Procase, Anna Lorena disse que responder\u00e1 os ataques que tem sofrido com trabalho, e que Monteiro n\u00e3o ir\u00e1 mais se recusar a nada que venha a beneficiar.<\/p>\n<p>\u201cA cor do meu partido hoje \u00e9 o partido de Monteiro, e vermelho e \u00e9 preto, que \u00e9 o partido da Para\u00edba, e vamos deixar de lado pol\u00edticas mesquinhas e picuinhas, que por muitas vezes Monteiro perdeu ao inv\u00e9s de trazer coisas para o munic\u00edpio\u201d, disse Lorena.<\/p>\n<p><strong>CARIRI EM A\u00c7\u00c3O<\/strong><\/p>\n<p>Leia mais not\u00edcias em\u00a0<a href=\"http:\/\/www.caririemacao.com\/\">caririemacao.com<\/a>, siga nossa p\u00e1gina no\u00a0<a href=\"https:\/\/www.facebook.com\/CaririEmAcao\/?ref=aymt_homepage_panel\">Facebook<\/a>,\u00a0<a href=\"https:\/\/www.instagram.com\/cariri_em_acao\/?hl=pt-br\">Instagram<\/a>\u00a0e\u00a0<a href=\"https:\/\/www.youtube.com\/channel\/UCAptA0jQuYQy8vMhLt2m4qg\">Youtube<\/a>\u00a0e veja nossas mat\u00e9rias, v\u00eddeos e fotos. Voc\u00ea tamb\u00e9m pode enviar informa\u00e7\u00f5es \u00e0 Reda\u00e7\u00e3o do Portal Cariri em A\u00e7\u00e3o pelo WhatsApp (83) 9 9634.5791, (83) 9 9601-1162.<\/p>\n","protected":false},"excerpt":{"rendered":"<p>A Prefeita de Monteiro, Anna Lorena (PSDB), cumpriu agenda nesta quinta-feira, 05, ao lado do governador Ricardo Coutinho (PSDB), no munic\u00edpio de Monteiro, e ao&hellip; <\/p>\n","protected":false},"author":2,"featured_media":56416,"comment_status":"closed","ping_status":"closed","sticky":false,"template":"","format":"standard","meta":{"sfsi_plus_gutenberg_text_before_share":"","sfsi_plus_gutenberg_show_text_before_share":"","sfsi_plus_gutenberg_icon_type":"","sfsi_plus_gutenberg_icon_alignemt":"","sfsi_plus_gutenburg_max_per_row":"","footnotes":""},"categories":[11],"tags":[],"class_list":["post-56419","post","type-post","status-publish","format-standard","has-post-thumbnail","hentry","category-politica"],"_links":{"self":[{"href":"https:\/\/www.caririemacao.com\/1\/wp-json\/wp\/v2\/posts\/56419","targetHints":{"allow":["GET"]}}],"collection":[{"href":"https:\/\/www.caririemacao.com\/1\/wp-json\/wp\/v2\/posts"}],"about":[{"href":"https:\/\/www.caririemacao.com\/1\/wp-json\/wp\/v2\/types\/post"}],"author":[{"embeddable":true,"href":"https:\/\/www.caririemacao.com\/1\/wp-json\/wp\/v2\/users\/2"}],"replies":[{"embeddable":true,"href":"https:\/\/www.caririemacao.com\/1\/wp-json\/wp\/v2\/comments?post=56419"}],"version-history":[{"count":1,"href":"https:\/\/www.caririemacao.com\/1\/wp-json\/wp\/v2\/posts\/56419\/revisions"}],"predecessor-version":[{"id":56420,"href":"https:\/\/www.caririemacao.com\/1\/wp-json\/wp\/v2\/posts\/56419\/revisions\/56420"}],"wp:featuredmedia":[{"embeddable":true,"href":"https:\/\/www.caririemacao.com\/1\/wp-json\/wp\/v2\/media\/56416"}],"wp:attachment":[{"href":"https:\/\/www.caririemacao.com\/1\/wp-json\/wp\/v2\/media?parent=56419"}],"wp:term":[{"taxonomy":"category","embeddable":true,"href":"https:\/\/www.caririemacao.com\/1\/wp-json\/wp\/v2\/categories?post=56419"},{"taxonomy":"post_tag","embeddable":true,"href":"https:\/\/www.caririemacao.com\/1\/wp-json\/wp\/v2\/tags?post=56419"}],"curies":[{"name":"wp","href":"https:\/\/api.w.org\/{rel}","templated":true}]}}