{"id":56424,"date":"2018-07-05T20:16:40","date_gmt":"2018-07-05T23:16:40","guid":{"rendered":"http:\/\/caririemacao.com\/1\/?p=56424"},"modified":"2018-07-05T20:17:07","modified_gmt":"2018-07-05T23:17:07","slug":"caraubas-recebe-trator-e-implementos-agricolas","status":"publish","type":"post","link":"https:\/\/www.caririemacao.com\/1\/2018\/07\/05\/caraubas-recebe-trator-e-implementos-agricolas\/","title":{"rendered":"Cara\u00fabas recebe trator e implementos agr\u00edcolas"},"content":{"rendered":"<p>O prefeito de Cara\u00fabas, Silvano Dudu, ao lado do vice-prefeito, Z\u00e9 de Laura, dos vereadores Teinha, Nero, Tomaz e Neide, estiveram participando na tarde desta quinta-feira, dia 05, da cerim\u00f4nia de lan\u00e7amento de um pacote de a\u00e7\u00f5es do Projeto de Desenvolvimento Sustent\u00e1vel do Cariri, Serid\u00f3 e Curimata\u00fa (Procase).<\/p>\n<p>O evento aconteceu na cidade de Monteiro e contou com a presen\u00e7a do governador Ricardo Coutinho, prefeitos, deputado federal Veneziano Vital do R\u00eago, o presidente da Assembleia Legislativa da Para\u00edba, Gerv\u00e1sio Maia, deputados estaduais como Estela Bezerra, Adriano Galdino e Ricardo Barbosa, vereadores, representantes da Secretaria de Estado do Desenvolvimento da Agropecu\u00e1ria e da Pesca, auxiliares do Governo e lideran\u00e7as da regi\u00e3o.<\/p>\n<p>Na oportunidade, o prefeito Silvano recebeu do governador Ricardo Coutinho um trator e demais implementos que comp\u00f5em a patrulha agr\u00edcola mecanizada.<\/p>\n<p><strong>CARIRI EM A\u00c7\u00c3O<\/strong><\/p>\n<p>Leia mais not\u00edcias em\u00a0<a href=\"http:\/\/www.caririemacao.com\/\">caririemacao.com<\/a>, siga nossa p\u00e1gina no\u00a0<a href=\"https:\/\/www.facebook.com\/CaririEmAcao\/?ref=aymt_homepage_panel\">Facebook<\/a>,\u00a0<a href=\"https:\/\/www.instagram.com\/cariri_em_acao\/?hl=pt-br\">Instagram<\/a>\u00a0e\u00a0<a href=\"https:\/\/www.youtube.com\/channel\/UCAptA0jQuYQy8vMhLt2m4qg\">Youtube<\/a>\u00a0e veja nossas mat\u00e9rias, v\u00eddeos e fotos. Voc\u00ea tamb\u00e9m pode enviar informa\u00e7\u00f5es \u00e0 Reda\u00e7\u00e3o do Portal Cariri em A\u00e7\u00e3o pelo WhatsApp (83) 9 9634.5791, (83) 9 9601-1162.<\/p>\n","protected":false},"excerpt":{"rendered":"<p>O prefeito de Cara\u00fabas, Silvano Dudu, ao lado do vice-prefeito, Z\u00e9 de Laura, dos vereadores Teinha, Nero, Tomaz e Neide, estiveram participando na tarde desta&hellip; <\/p>\n","protected":false},"author":2,"featured_media":56425,"comment_status":"closed","ping_status":"closed","sticky":false,"template":"","format":"standard","meta":{"sfsi_plus_gutenberg_text_before_share":"","sfsi_plus_gutenberg_show_text_before_share":"","sfsi_plus_gutenberg_icon_type":"","sfsi_plus_gutenberg_icon_alignemt":"","sfsi_plus_gutenburg_max_per_row":"","footnotes":""},"categories":[6],"tags":[],"class_list":["post-56424","post","type-post","status-publish","format-standard","has-post-thumbnail","hentry","category-cidades"],"_links":{"self":[{"href":"https:\/\/www.caririemacao.com\/1\/wp-json\/wp\/v2\/posts\/56424","targetHints":{"allow":["GET"]}}],"collection":[{"href":"https:\/\/www.caririemacao.com\/1\/wp-json\/wp\/v2\/posts"}],"about":[{"href":"https:\/\/www.caririemacao.com\/1\/wp-json\/wp\/v2\/types\/post"}],"author":[{"embeddable":true,"href":"https:\/\/www.caririemacao.com\/1\/wp-json\/wp\/v2\/users\/2"}],"replies":[{"embeddable":true,"href":"https:\/\/www.caririemacao.com\/1\/wp-json\/wp\/v2\/comments?post=56424"}],"version-history":[{"count":1,"href":"https:\/\/www.caririemacao.com\/1\/wp-json\/wp\/v2\/posts\/56424\/revisions"}],"predecessor-version":[{"id":56426,"href":"https:\/\/www.caririemacao.com\/1\/wp-json\/wp\/v2\/posts\/56424\/revisions\/56426"}],"wp:featuredmedia":[{"embeddable":true,"href":"https:\/\/www.caririemacao.com\/1\/wp-json\/wp\/v2\/media\/56425"}],"wp:attachment":[{"href":"https:\/\/www.caririemacao.com\/1\/wp-json\/wp\/v2\/media?parent=56424"}],"wp:term":[{"taxonomy":"category","embeddable":true,"href":"https:\/\/www.caririemacao.com\/1\/wp-json\/wp\/v2\/categories?post=56424"},{"taxonomy":"post_tag","embeddable":true,"href":"https:\/\/www.caririemacao.com\/1\/wp-json\/wp\/v2\/tags?post=56424"}],"curies":[{"name":"wp","href":"https:\/\/api.w.org\/{rel}","templated":true}]}}