{"id":56432,"date":"2018-07-06T11:52:44","date_gmt":"2018-07-06T14:52:44","guid":{"rendered":"http:\/\/caririemacao.com\/1\/?p=56432"},"modified":"2018-07-06T11:52:44","modified_gmt":"2018-07-06T14:52:44","slug":"policia-prende-suspeito-de-assalto-e-apreende-armas-e-moto-no-cariri","status":"publish","type":"post","link":"https:\/\/www.caririemacao.com\/1\/2018\/07\/06\/policia-prende-suspeito-de-assalto-e-apreende-armas-e-moto-no-cariri\/","title":{"rendered":"Pol\u00edcia prende suspeito de assalto e apreende armas e moto no Cariri"},"content":{"rendered":"<p>A Pol\u00edcia Militar prendeu na noite desta quinta-feira (05), um homem suspeito de assaltar um cobrador de credi\u00e1rio na zona rural de S\u00e3o Jo\u00e3o do tigre, no Cariri Paraibano.<\/p>\n<p>O suspeito e outros dois elementos s\u00e3o suspeito de assaltar um cobrador e subtrair uma quantia em dinheiro que estava em posse da v\u00edtima. O fato ocorreu nesta quarta-feira (4).<\/p>\n<p>Ap\u00f3s realizar rondas, a Pol\u00edcia conseguiu localizar os suspeitos, mas dois conseguiram fugir.<\/p>\n<p>Com o suspeito detido, a pol\u00edcia aprendeu ainda duas armas de fogo do tipo espingarda, e uma motocicleta modelo POP 100, de cor preta, que tem restri\u00e7\u00e3o de roubo.<\/p>\n<p><strong>CARIRI EM A\u00c7\u00c3O<\/strong><\/p>\n<p>Com Vitrine do Cariri\/Foto: Reprodu\u00e7\u00e3o<\/p>\n<p>Leia mais not\u00edcias em\u00a0<a href=\"http:\/\/www.caririemacao.com\/\">caririemacao.com<\/a>, siga nossa p\u00e1gina no\u00a0<a href=\"https:\/\/www.facebook.com\/CaririEmAcao\/?ref=aymt_homepage_panel\">Facebook<\/a>,\u00a0<a href=\"https:\/\/www.instagram.com\/cariri_em_acao\/?hl=pt-br\">Instagram<\/a>\u00a0e <a href=\"https:\/\/www.youtube.com\/channel\/UCAptA0jQuYQy8vMhLt2m4qg\">Youtube<\/a>\u00a0e veja nossas mat\u00e9rias, v\u00eddeos e fotos. Voc\u00ea tamb\u00e9m pode enviar informa\u00e7\u00f5es \u00e0 Reda\u00e7\u00e3o do Portal Cariri em A\u00e7\u00e3o pelo WhatsApp (83) 9 9634.5791, (83) 9 9601-1162.<\/p>\n","protected":false},"excerpt":{"rendered":"<p>A Pol\u00edcia Militar prendeu na noite desta quinta-feira (05), um homem suspeito de assaltar um cobrador de credi\u00e1rio na zona rural de S\u00e3o Jo\u00e3o do&hellip; <\/p>\n","protected":false},"author":1,"featured_media":56433,"comment_status":"closed","ping_status":"closed","sticky":false,"template":"","format":"standard","meta":{"sfsi_plus_gutenberg_text_before_share":"","sfsi_plus_gutenberg_show_text_before_share":"","sfsi_plus_gutenberg_icon_type":"","sfsi_plus_gutenberg_icon_alignemt":"","sfsi_plus_gutenburg_max_per_row":"","footnotes":""},"categories":[12],"tags":[],"class_list":["post-56432","post","type-post","status-publish","format-standard","has-post-thumbnail","hentry","category-policia"],"_links":{"self":[{"href":"https:\/\/www.caririemacao.com\/1\/wp-json\/wp\/v2\/posts\/56432","targetHints":{"allow":["GET"]}}],"collection":[{"href":"https:\/\/www.caririemacao.com\/1\/wp-json\/wp\/v2\/posts"}],"about":[{"href":"https:\/\/www.caririemacao.com\/1\/wp-json\/wp\/v2\/types\/post"}],"author":[{"embeddable":true,"href":"https:\/\/www.caririemacao.com\/1\/wp-json\/wp\/v2\/users\/1"}],"replies":[{"embeddable":true,"href":"https:\/\/www.caririemacao.com\/1\/wp-json\/wp\/v2\/comments?post=56432"}],"version-history":[{"count":1,"href":"https:\/\/www.caririemacao.com\/1\/wp-json\/wp\/v2\/posts\/56432\/revisions"}],"predecessor-version":[{"id":56434,"href":"https:\/\/www.caririemacao.com\/1\/wp-json\/wp\/v2\/posts\/56432\/revisions\/56434"}],"wp:featuredmedia":[{"embeddable":true,"href":"https:\/\/www.caririemacao.com\/1\/wp-json\/wp\/v2\/media\/56433"}],"wp:attachment":[{"href":"https:\/\/www.caririemacao.com\/1\/wp-json\/wp\/v2\/media?parent=56432"}],"wp:term":[{"taxonomy":"category","embeddable":true,"href":"https:\/\/www.caririemacao.com\/1\/wp-json\/wp\/v2\/categories?post=56432"},{"taxonomy":"post_tag","embeddable":true,"href":"https:\/\/www.caririemacao.com\/1\/wp-json\/wp\/v2\/tags?post=56432"}],"curies":[{"name":"wp","href":"https:\/\/api.w.org\/{rel}","templated":true}]}}