{"id":56435,"date":"2018-07-06T13:39:16","date_gmt":"2018-07-06T16:39:16","guid":{"rendered":"http:\/\/caririemacao.com\/1\/?p=56435"},"modified":"2018-07-06T13:39:16","modified_gmt":"2018-07-06T16:39:16","slug":"radialista-do-correio-da-paraiba-perde-o-controle-e-agride-a-dignidade-dos-monteirenses","status":"publish","type":"post","link":"https:\/\/www.caririemacao.com\/1\/2018\/07\/06\/radialista-do-correio-da-paraiba-perde-o-controle-e-agride-a-dignidade-dos-monteirenses\/","title":{"rendered":"Radialista do Correio da Para\u00edba perde o controle e agride a dignidade dos monteirenses"},"content":{"rendered":"<p>onhecida como uma das cidades mais hospitaleiras da Para\u00edba, ber\u00e7o de poetas, repentistas, cantores, compositores, juristas e de pessoas humildes e merecedoras de respeito, o munic\u00edpio de Monteiro foi agredido de forma irrespons\u00e1vel pelo radialista Nilvan Ferreira durante programa que ele apresenta ao meio dia no Sistema Correio da Para\u00edba.<\/p>\n<p>Demonstrando total despreparo e desrespeito com o munic\u00edpio, Nilvan Ferreira afirmou que Monteiro vive no atraso e possui um \u00edndice de analfabetismo dos mais altos do Estado, convive com a dengue, de doen\u00e7as contagiosas e \u00e9 representada por pessoas despreparadas que vivem no lixo e sem ruas asfaltadas.<\/p>\n<p>As declara\u00e7\u00f5es do radialista causaram revolta na popula\u00e7\u00e3o, e na noite desta quinta-feira, 5, o vereador Ant\u00f4nio Sobrinho \u2013 Toinho de Nequinho, apresentou um requerimento propondo um voto de rep\u00fadio no plen\u00e1rio da C\u00e2mara de Vereadores.<\/p>\n<p>Todos os vereadores se manifestaram contra o radialista e ainda foi proposto que uma representa\u00e7\u00e3o de monteirenses agende uma audi\u00eancia com o empres\u00e1rio Roberto Cavalcante e solicite um pedido de desculpas do Sistema Correio, n\u00e3o s\u00f3 ao munic\u00edpio de Monteiro, mais aos demais munic\u00edpios do interior da Para\u00edba que de forma generalizada foram agredidos por Nilvan Ferreira.<\/p>\n<p>Um dos vereadores presentes \u00e0 sess\u00e3o, Caj\u00f3 Menezes, disse ter certeza que o empres\u00e1rio Roberto Cavalcante e a dire\u00e7\u00e3o da empresa n\u00e3o comunga com este tipo de comportamento. \u201cRoberto Cavalcante acreditou na potencialidade de Monteiro desde o final da d\u00e9cada de 80 quando instalou a R\u00e1dio Santa Maria em nosso munic\u00edpio. Se ele acreditou em nossa potencialidade h\u00e1 d\u00e9cadas, como pode vir uma pessoa que n\u00e3o conhece Monteiro utilizar dos microfones de um programa de grande audi\u00eancia na Para\u00edba desqualificar o nosso munic\u00edpio e outros do interior paraibano. Exigimos respeito e um pedido de desculpas. Se Nilvan quiser conhecer Monteiro o convido, para ao lado do senador Roberto Cavalcante mostrar as nossas potencialidades, a educa\u00e7\u00e3o do nosso povo, o respeito e admira\u00e7\u00e3o que temos pelo empres\u00e1rio Roberto Cavalcante, que inclusive possui uma propriedade rural em nosso munic\u00edpio, coisa que Nilvan parece n\u00e3o conhecer os grandes empreendedores paraibanos. Respeite Monteiro, respeite a Para\u00edba\u201d, disse o vereador.<\/p>\n<p><strong>CARIRI EM A\u00c7\u00c3O<\/strong><\/p>\n<p>Com Vitrine do Cariri\/Foto: Reprodu\u00e7\u00e3o Internet<\/p>\n<p>Leia mais not\u00edcias em\u00a0<a href=\"http:\/\/www.caririemacao.com\/\">caririemacao.com<\/a>, siga nossa p\u00e1gina no\u00a0<a href=\"https:\/\/www.facebook.com\/CaririEmAcao\/?ref=aymt_homepage_panel\">Facebook<\/a>,\u00a0<a href=\"https:\/\/www.instagram.com\/cariri_em_acao\/?hl=pt-br\">Instagram<\/a>\u00a0e <a href=\"https:\/\/www.youtube.com\/channel\/UCAptA0jQuYQy8vMhLt2m4qg\">Youtube<\/a>\u00a0e veja nossas mat\u00e9rias, v\u00eddeos e fotos. Voc\u00ea tamb\u00e9m pode enviar informa\u00e7\u00f5es \u00e0 Reda\u00e7\u00e3o do Portal Cariri em A\u00e7\u00e3o pelo WhatsApp (83) 9 9634.5791, (83) 9 9601-1162.<\/p>\n","protected":false},"excerpt":{"rendered":"<p>onhecida como uma das cidades mais hospitaleiras da Para\u00edba, ber\u00e7o de poetas, repentistas, cantores, compositores, juristas e de pessoas humildes e merecedoras de respeito, o&hellip; <\/p>\n","protected":false},"author":1,"featured_media":56436,"comment_status":"closed","ping_status":"closed","sticky":false,"template":"","format":"standard","meta":{"sfsi_plus_gutenberg_text_before_share":"","sfsi_plus_gutenberg_show_text_before_share":"","sfsi_plus_gutenberg_icon_type":"","sfsi_plus_gutenberg_icon_alignemt":"","sfsi_plus_gutenburg_max_per_row":"","footnotes":""},"categories":[11],"tags":[],"class_list":["post-56435","post","type-post","status-publish","format-standard","has-post-thumbnail","hentry","category-politica"],"_links":{"self":[{"href":"https:\/\/www.caririemacao.com\/1\/wp-json\/wp\/v2\/posts\/56435","targetHints":{"allow":["GET"]}}],"collection":[{"href":"https:\/\/www.caririemacao.com\/1\/wp-json\/wp\/v2\/posts"}],"about":[{"href":"https:\/\/www.caririemacao.com\/1\/wp-json\/wp\/v2\/types\/post"}],"author":[{"embeddable":true,"href":"https:\/\/www.caririemacao.com\/1\/wp-json\/wp\/v2\/users\/1"}],"replies":[{"embeddable":true,"href":"https:\/\/www.caririemacao.com\/1\/wp-json\/wp\/v2\/comments?post=56435"}],"version-history":[{"count":1,"href":"https:\/\/www.caririemacao.com\/1\/wp-json\/wp\/v2\/posts\/56435\/revisions"}],"predecessor-version":[{"id":56444,"href":"https:\/\/www.caririemacao.com\/1\/wp-json\/wp\/v2\/posts\/56435\/revisions\/56444"}],"wp:featuredmedia":[{"embeddable":true,"href":"https:\/\/www.caririemacao.com\/1\/wp-json\/wp\/v2\/media\/56436"}],"wp:attachment":[{"href":"https:\/\/www.caririemacao.com\/1\/wp-json\/wp\/v2\/media?parent=56435"}],"wp:term":[{"taxonomy":"category","embeddable":true,"href":"https:\/\/www.caririemacao.com\/1\/wp-json\/wp\/v2\/categories?post=56435"},{"taxonomy":"post_tag","embeddable":true,"href":"https:\/\/www.caririemacao.com\/1\/wp-json\/wp\/v2\/tags?post=56435"}],"curies":[{"name":"wp","href":"https:\/\/api.w.org\/{rel}","templated":true}]}}