{"id":56438,"date":"2018-07-06T19:47:30","date_gmt":"2018-07-06T22:47:30","guid":{"rendered":"http:\/\/caririemacao.com\/1\/?p=56438"},"modified":"2018-07-06T19:48:52","modified_gmt":"2018-07-06T22:48:52","slug":"adailsinho-queiroz-declara-apoio-a-gervasio-maia-a-camara-federal","status":"publish","type":"post","link":"https:\/\/www.caririemacao.com\/1\/2018\/07\/06\/adailsinho-queiroz-declara-apoio-a-gervasio-maia-a-camara-federal\/","title":{"rendered":"Adailsinho Queiroz declara apoio a Gerv\u00e1sio Maia \u00e0 C\u00e2mara Federal"},"content":{"rendered":"<p>Nesta quinta-feira, dia 04, o presidente municipal do PSB e atual presidente da C\u00e2mara Municipal de Gurj\u00e3o anunciou oficialmente o seu apoio ao pr\u00e9-candidato a deputado federal, Gerv\u00e1sio Maia (PSB).<\/p>\n<p>Gerv\u00e1sio conseguiu ganhar mais um refor\u00e7o para as elei\u00e7\u00f5es deste ano e desta vez do vereador mais votado das elei\u00e7\u00f5es de 2016 em Gurj\u00e3o.<\/p>\n<p>Durante o encontro, Adailsinho declarou seu apoio pol\u00edtico ressaltando que Gerv\u00e1sio vem fazendo um grande trabalho como deputado estadual e presidente da Assembleia Legislativa da Para\u00edba.<\/p>\n<p>\u201cGerv\u00e1sio tem compromisso com a Para\u00edba e tem muita experi\u00eancia, por isso tem condi\u00e7\u00f5es reais de ser um dos deputados mais votados da Para\u00edba e representar nossa cidade em Bras\u00edlia\u201d.<\/p>\n<p><strong>CARIRI EM A\u00c7\u00c3O<\/strong><\/p>\n<p>Leia mais not\u00edcias em\u00a0<a href=\"http:\/\/www.caririemacao.com\/\">caririemacao.com<\/a>, siga nossa p\u00e1gina no\u00a0<a href=\"https:\/\/www.facebook.com\/CaririEmAcao\/?ref=aymt_homepage_panel\">Facebook<\/a>,\u00a0<a href=\"https:\/\/www.instagram.com\/cariri_em_acao\/?hl=pt-br\">Instagram<\/a>\u00a0e\u00a0<a href=\"https:\/\/www.youtube.com\/channel\/UCAptA0jQuYQy8vMhLt2m4qg\">Youtube<\/a>\u00a0e veja nossas mat\u00e9rias, v\u00eddeos e fotos. Voc\u00ea tamb\u00e9m pode enviar informa\u00e7\u00f5es \u00e0 Reda\u00e7\u00e3o do Portal Cariri em A\u00e7\u00e3o pelo WhatsApp (83) 9 9634.5791, (83) 9 9601-1162.<\/p>\n","protected":false},"excerpt":{"rendered":"<p>Nesta quinta-feira, dia 04, o presidente municipal do PSB e atual presidente da C\u00e2mara Municipal de Gurj\u00e3o anunciou oficialmente o seu apoio ao pr\u00e9-candidato a&hellip; <\/p>\n","protected":false},"author":2,"featured_media":56439,"comment_status":"closed","ping_status":"closed","sticky":false,"template":"","format":"standard","meta":{"sfsi_plus_gutenberg_text_before_share":"","sfsi_plus_gutenberg_show_text_before_share":"","sfsi_plus_gutenberg_icon_type":"","sfsi_plus_gutenberg_icon_alignemt":"","sfsi_plus_gutenburg_max_per_row":"","footnotes":""},"categories":[11],"tags":[],"class_list":["post-56438","post","type-post","status-publish","format-standard","has-post-thumbnail","hentry","category-politica"],"_links":{"self":[{"href":"https:\/\/www.caririemacao.com\/1\/wp-json\/wp\/v2\/posts\/56438","targetHints":{"allow":["GET"]}}],"collection":[{"href":"https:\/\/www.caririemacao.com\/1\/wp-json\/wp\/v2\/posts"}],"about":[{"href":"https:\/\/www.caririemacao.com\/1\/wp-json\/wp\/v2\/types\/post"}],"author":[{"embeddable":true,"href":"https:\/\/www.caririemacao.com\/1\/wp-json\/wp\/v2\/users\/2"}],"replies":[{"embeddable":true,"href":"https:\/\/www.caririemacao.com\/1\/wp-json\/wp\/v2\/comments?post=56438"}],"version-history":[{"count":1,"href":"https:\/\/www.caririemacao.com\/1\/wp-json\/wp\/v2\/posts\/56438\/revisions"}],"predecessor-version":[{"id":56440,"href":"https:\/\/www.caririemacao.com\/1\/wp-json\/wp\/v2\/posts\/56438\/revisions\/56440"}],"wp:featuredmedia":[{"embeddable":true,"href":"https:\/\/www.caririemacao.com\/1\/wp-json\/wp\/v2\/media\/56439"}],"wp:attachment":[{"href":"https:\/\/www.caririemacao.com\/1\/wp-json\/wp\/v2\/media?parent=56438"}],"wp:term":[{"taxonomy":"category","embeddable":true,"href":"https:\/\/www.caririemacao.com\/1\/wp-json\/wp\/v2\/categories?post=56438"},{"taxonomy":"post_tag","embeddable":true,"href":"https:\/\/www.caririemacao.com\/1\/wp-json\/wp\/v2\/tags?post=56438"}],"curies":[{"name":"wp","href":"https:\/\/api.w.org\/{rel}","templated":true}]}}