{"id":56441,"date":"2018-07-06T14:11:06","date_gmt":"2018-07-06T17:11:06","guid":{"rendered":"http:\/\/caririemacao.com\/1\/?p=56441"},"modified":"2018-07-06T14:11:06","modified_gmt":"2018-07-06T17:11:06","slug":"caraubas-encerra-festejos-juninos-no-arraial-o-duduzao","status":"publish","type":"post","link":"https:\/\/www.caririemacao.com\/1\/2018\/07\/06\/caraubas-encerra-festejos-juninos-no-arraial-o-duduzao\/","title":{"rendered":"Cara\u00fabas encerra festejos juninos no Arraial &#8220;O Duduz\u00e3o&#8221;\u00a0"},"content":{"rendered":"<p>Na noite desta quinta-feira, dia 6, a Prefeitura de Municipal de Cara\u00fabas realizou um grande evento que marcou o encerramento do S\u00e3o Jo\u00e3o 2018 no munic\u00edpio.<\/p>\n<p>O evento foi realizado no Arraial \u201cDuduz\u00e3o\u201d onde as fam\u00edlias se confraternizaram ao som das bandas Jota J\u00fanior e Forroz\u00e3o Chap\u00e9u de Palha, Dominguinhos do Acordeon e Gil Camargo.<\/p>\n<p><img fetchpriority=\"high\" decoding=\"async\" class=\"aligncenter wp-image-56453 size-full\" src=\"http:\/\/caririemacao.com\/1\/wp-content\/uploads\/2018\/07\/Silvano-Caraubas.jpg\" alt=\"\" width=\"800\" height=\"533\" srcset=\"https:\/\/www.caririemacao.com\/1\/wp-content\/uploads\/2018\/07\/Silvano-Caraubas.jpg 800w, https:\/\/www.caririemacao.com\/1\/wp-content\/uploads\/2018\/07\/Silvano-Caraubas-300x200.jpg 300w, https:\/\/www.caririemacao.com\/1\/wp-content\/uploads\/2018\/07\/Silvano-Caraubas-768x512.jpg 768w\" sizes=\"(max-width: 800px) 100vw, 800px\" \/><\/p>\n<p>Estiveram participando do evento, o prefeito Silvano, a primeira dama e vereadora Neide, vereadores Nero, Tom\u00e1s, e Renivan Neves, al\u00e9m de v\u00e1rios secret\u00e1rios.\u00a0O arraial Duduz\u00e3o, j\u00e1 em sua 2\u00aa edi\u00e7\u00e3o, foi criado para que as escolas e os programas sociais do munic\u00edpio se apresentassem durante os festejos juninos.<\/p>\n<p>O prefeito Silvano que tamb\u00e9m participou do encerramento destacou a import\u00e2ncia de incentivar a cultura e valorizar os artistas da terra, injetando dinheiro na economia. \u201cA prefeitura tem investido na economia local, construindo condi\u00e7\u00f5es para um futuro melhor, afinal, o futuro ser\u00e1 sempre a nossa gente\u201d, ressaltou.<\/p>\n<p>Silvano ainda aproveitou para convidar toda a popula\u00e7\u00e3o da regi\u00e3o para participar do maior S\u00e3o Pedro do Cariri que acontece nesta sexta-feira, dia 6, e s\u00e1bado, dia 07.<\/p>\n<p><strong>Confira as atra\u00e7\u00f5es:<\/strong><\/p>\n<p>Dia 06 (sexta-feira): Boy Vaqueiro e Allison Levado<\/p>\n<p>Dia 07 (s\u00e1bado): Maria Clara, Magn\u00edficos e Gil Camargo<\/p>\n<h1>V<a href=\"https:\/\/www.facebook.com\/pg\/CaririEmAcao\/photos\/?tab=album&amp;album_id=1286277771508243\">eja fotos\u00a0<\/a><\/h1>\n<p><div class=\"ose- ose-uid-b0f12f3c902d4782f5155658858d64e8 ose-embedpress-responsive\" style=\"width:600px; height:550px; max-height:550px; max-width:100%; display:inline-block;\" data-embed-type=\"Facebook\"><iframe allowFullScreen=\"true\" class=\"embera-facebook-iframe-cb2f8 lazyload\" data-src=\"https:\/\/www.facebook.com\/plugins\/post.php?href=https%3A%2F%2Fwww.facebook.com%2Fmedia%2Fset%2F%3Fset%3Da.1286277771508243.1073742846.302749469861083%26%23038%3Btype%3D1%26%23038%3Bl%3Daf5259160a&width=600&height=550&show_text=true\" width=\"600\" height=\"550\" style=\"border:none;overflow:hidden\" scrolling=\"no\" frameborder=\"0\" allowTransparency=\"true\" src=\"data:image\/svg+xml;base64,PHN2ZyB3aWR0aD0iMSIgaGVpZ2h0PSIxIiB4bWxucz0iaHR0cDovL3d3dy53My5vcmcvMjAwMC9zdmciPjwvc3ZnPg==\" data-load-mode=\"1\"><\/iframe><\/div><\/p>\n<p><strong>CARIRI EM A\u00c7\u00c3O<\/strong><\/p>\n<p>Leia mais not\u00edcias em\u00a0<a href=\"http:\/\/www.caririemacao.com\/\">caririemacao.com<\/a>, siga nossa p\u00e1gina no\u00a0<a href=\"https:\/\/www.facebook.com\/CaririEmAcao\/?ref=aymt_homepage_panel\">Facebook<\/a>,\u00a0<a href=\"https:\/\/www.instagram.com\/cariri_em_acao\/?hl=pt-br\">Instagram<\/a>\u00a0e\u00a0<a href=\"https:\/\/www.youtube.com\/channel\/UCAptA0jQuYQy8vMhLt2m4qg\">Youtube<\/a>\u00a0e veja nossas mat\u00e9rias, v\u00eddeos e fotos. Voc\u00ea tamb\u00e9m pode enviar informa\u00e7\u00f5es \u00e0 Reda\u00e7\u00e3o do Portal Cariri em A\u00e7\u00e3o pelo WhatsApp (83) 9 9634.5791, (83) 9 9601-1162.<\/p>\n","protected":false},"excerpt":{"rendered":"<p>Na noite desta quinta-feira, dia 6, a Prefeitura de Municipal de Cara\u00fabas realizou um grande evento que marcou o encerramento do S\u00e3o Jo\u00e3o 2018 no&hellip; <\/p>\n","protected":false},"author":2,"featured_media":56451,"comment_status":"closed","ping_status":"closed","sticky":false,"template":"","format":"standard","meta":{"sfsi_plus_gutenberg_text_before_share":"","sfsi_plus_gutenberg_show_text_before_share":"","sfsi_plus_gutenberg_icon_type":"","sfsi_plus_gutenberg_icon_alignemt":"","sfsi_plus_gutenburg_max_per_row":"","footnotes":""},"categories":[6],"tags":[],"class_list":["post-56441","post","type-post","status-publish","format-standard","has-post-thumbnail","hentry","category-cidades"],"_links":{"self":[{"href":"https:\/\/www.caririemacao.com\/1\/wp-json\/wp\/v2\/posts\/56441","targetHints":{"allow":["GET"]}}],"collection":[{"href":"https:\/\/www.caririemacao.com\/1\/wp-json\/wp\/v2\/posts"}],"about":[{"href":"https:\/\/www.caririemacao.com\/1\/wp-json\/wp\/v2\/types\/post"}],"author":[{"embeddable":true,"href":"https:\/\/www.caririemacao.com\/1\/wp-json\/wp\/v2\/users\/2"}],"replies":[{"embeddable":true,"href":"https:\/\/www.caririemacao.com\/1\/wp-json\/wp\/v2\/comments?post=56441"}],"version-history":[{"count":4,"href":"https:\/\/www.caririemacao.com\/1\/wp-json\/wp\/v2\/posts\/56441\/revisions"}],"predecessor-version":[{"id":56454,"href":"https:\/\/www.caririemacao.com\/1\/wp-json\/wp\/v2\/posts\/56441\/revisions\/56454"}],"wp:featuredmedia":[{"embeddable":true,"href":"https:\/\/www.caririemacao.com\/1\/wp-json\/wp\/v2\/media\/56451"}],"wp:attachment":[{"href":"https:\/\/www.caririemacao.com\/1\/wp-json\/wp\/v2\/media?parent=56441"}],"wp:term":[{"taxonomy":"category","embeddable":true,"href":"https:\/\/www.caririemacao.com\/1\/wp-json\/wp\/v2\/categories?post=56441"},{"taxonomy":"post_tag","embeddable":true,"href":"https:\/\/www.caririemacao.com\/1\/wp-json\/wp\/v2\/tags?post=56441"}],"curies":[{"name":"wp","href":"https:\/\/api.w.org\/{rel}","templated":true}]}}