{"id":56455,"date":"2018-07-06T14:18:49","date_gmt":"2018-07-06T17:18:49","guid":{"rendered":"http:\/\/caririemacao.com\/1\/?p=56455"},"modified":"2018-07-06T14:18:49","modified_gmt":"2018-07-06T17:18:49","slug":"brasil-na-copa-do-mundo-neymar-cai-cai-vira-motivo-de-campanha-seria-em-portugal","status":"publish","type":"post","link":"https:\/\/www.caririemacao.com\/1\/2018\/07\/06\/brasil-na-copa-do-mundo-neymar-cai-cai-vira-motivo-de-campanha-seria-em-portugal\/","title":{"rendered":"Brasil na Copa do Mundo: Neymar &#8216;cai-cai&#8217; vira motivo de campanha s\u00e9ria em Portugal"},"content":{"rendered":"<p>Que Neymar est\u00e1 nas manchetes da Copa do Mundo n\u00e3o \u00e9 novidade.<\/p>\n<p>Seja pelas atua\u00e7\u00f5es ou pelas a\u00e7\u00f5es &#8220;teatrais&#8221;, o atacante brasileiro chamou a aten\u00e7\u00e3o de torcedores, imprensa e&#8230; hospitais.<\/p>\n<p>Em um post nas suas redes sociais, o Instituto Nacional de Emerg\u00eancia M\u00e9dica (INEM) de Portugal &#8211; semelhante ao SAMU (Servi\u00e7o de Atendimento M\u00f3vel de Urg\u00eancia) brasileiro &#8211; fez um alerta a seus seguidores.<\/p>\n<p>Para isso, utilizou uma foto de Neymar gritando e ironizou com o seguinte recado: &#8220;75,8% das chamadas para o 112 tamb\u00e9m n\u00e3o s\u00e3o emergenciais&#8221;.<\/p>\n<p>Neymar \u00e9 disparado o jogador que mais sofreu faltas na Copa do Mundo (23 em quatro jogos), mas as vezes em que rolou diversas vezes ap\u00f3s uma infra\u00e7\u00e3o viralizaram no mundo.<\/p>\n<p>A \u00faltima delas foi contra o M\u00e9xico, quando Miguel Lay\u00fan pisou em seu tornozelo.<\/p>\n<p>O camisa 10 jogar\u00e1 nesta sexta-feira contra a B\u00e9lgica pelas quartas de final da Copa em Kazan.<\/p>\n<p><strong>CARIRI EM A\u00c7\u00c3O<\/strong><\/p>\n<p>Com Msn \/Foto: Reprodu\u00e7\u00e3o<\/p>\n<p>Leia mais not\u00edcias em\u00a0<a href=\"http:\/\/www.caririemacao.com\/\">caririemacao.com<\/a>, siga nossa p\u00e1gina no\u00a0<a href=\"https:\/\/www.facebook.com\/CaririEmAcao\/?ref=aymt_homepage_panel\">Facebook<\/a>,\u00a0<a href=\"https:\/\/www.instagram.com\/cariri_em_acao\/?hl=pt-br\">Instagram<\/a>\u00a0e <a href=\"https:\/\/www.youtube.com\/channel\/UCAptA0jQuYQy8vMhLt2m4qg\">Youtube<\/a>\u00a0e veja nossas mat\u00e9rias, v\u00eddeos e fotos. Voc\u00ea tamb\u00e9m pode enviar informa\u00e7\u00f5es \u00e0 Reda\u00e7\u00e3o do Portal Cariri em A\u00e7\u00e3o pelo WhatsApp (83) 9 9634.5791, (83) 9 9601-1162.<\/p>\n","protected":false},"excerpt":{"rendered":"<p>Que Neymar est\u00e1 nas manchetes da Copa do Mundo n\u00e3o \u00e9 novidade. Seja pelas atua\u00e7\u00f5es ou pelas a\u00e7\u00f5es &#8220;teatrais&#8221;, o atacante brasileiro chamou a aten\u00e7\u00e3o&hellip; <\/p>\n","protected":false},"author":1,"featured_media":56456,"comment_status":"closed","ping_status":"closed","sticky":false,"template":"","format":"standard","meta":{"sfsi_plus_gutenberg_text_before_share":"","sfsi_plus_gutenberg_show_text_before_share":"","sfsi_plus_gutenberg_icon_type":"","sfsi_plus_gutenberg_icon_alignemt":"","sfsi_plus_gutenburg_max_per_row":"","footnotes":""},"categories":[16],"tags":[],"class_list":["post-56455","post","type-post","status-publish","format-standard","has-post-thumbnail","hentry","category-saude"],"_links":{"self":[{"href":"https:\/\/www.caririemacao.com\/1\/wp-json\/wp\/v2\/posts\/56455","targetHints":{"allow":["GET"]}}],"collection":[{"href":"https:\/\/www.caririemacao.com\/1\/wp-json\/wp\/v2\/posts"}],"about":[{"href":"https:\/\/www.caririemacao.com\/1\/wp-json\/wp\/v2\/types\/post"}],"author":[{"embeddable":true,"href":"https:\/\/www.caririemacao.com\/1\/wp-json\/wp\/v2\/users\/1"}],"replies":[{"embeddable":true,"href":"https:\/\/www.caririemacao.com\/1\/wp-json\/wp\/v2\/comments?post=56455"}],"version-history":[{"count":1,"href":"https:\/\/www.caririemacao.com\/1\/wp-json\/wp\/v2\/posts\/56455\/revisions"}],"predecessor-version":[{"id":56457,"href":"https:\/\/www.caririemacao.com\/1\/wp-json\/wp\/v2\/posts\/56455\/revisions\/56457"}],"wp:featuredmedia":[{"embeddable":true,"href":"https:\/\/www.caririemacao.com\/1\/wp-json\/wp\/v2\/media\/56456"}],"wp:attachment":[{"href":"https:\/\/www.caririemacao.com\/1\/wp-json\/wp\/v2\/media?parent=56455"}],"wp:term":[{"taxonomy":"category","embeddable":true,"href":"https:\/\/www.caririemacao.com\/1\/wp-json\/wp\/v2\/categories?post=56455"},{"taxonomy":"post_tag","embeddable":true,"href":"https:\/\/www.caririemacao.com\/1\/wp-json\/wp\/v2\/tags?post=56455"}],"curies":[{"name":"wp","href":"https:\/\/api.w.org\/{rel}","templated":true}]}}