{"id":56461,"date":"2018-07-06T18:36:37","date_gmt":"2018-07-06T21:36:37","guid":{"rendered":"http:\/\/caririemacao.com\/1\/?p=56461"},"modified":"2018-07-06T18:36:37","modified_gmt":"2018-07-06T21:36:37","slug":"homem-que-desapareceu-em-soledade-e-encontrado-morto-com-hipotese-de-suicidio","status":"publish","type":"post","link":"https:\/\/www.caririemacao.com\/1\/2018\/07\/06\/homem-que-desapareceu-em-soledade-e-encontrado-morto-com-hipotese-de-suicidio\/","title":{"rendered":"Homem que desapareceu em Soledade \u00e9 encontrado morto com hip\u00f3tese de suic\u00eddio"},"content":{"rendered":"<p>Uma hist\u00f3ria\u00a0de dor e perdas foi encerrada na Para\u00edba. O corpo de Jo\u00e3o Alberto Gomes de Farias, de 28 anos, foi encontrado nesta quinta-feira (5), no a\u00e7ude da cidade de Soledade, no Cariri.<\/p>\n<p>Ele saiu de casa por volta de meio dia da quarta-feira (4). Devido ao sofrimento de perdas de parentes como a m\u00e3e, ele pode ter cometido suic\u00eddio, segundo\u00a0o tio de Jo\u00e3o, Fl\u00e1vio Farias.<\/p>\n<p>A fam\u00edlia de Jo\u00e3o o procurava e postou nas redes sociais o desaparecimento e o pedido de ajuda para encontr\u00e1-lo.\u00a0\u201cNos \u00faltimos 20 anos, ele perdeu quase toda a fam\u00edlia. E isso o estava deixando cada vez mais triste e depressivo. O pai dele morreu em 2000, num acidente de carro. J\u00e1 em 2005, a m\u00e3e dele foi assassinada junto com um tio, na frente dele, num assalto. Alguns anos depois, ele perdeu os av\u00f3s. E no ano passado, ele perdeu a irm\u00e3 de 33 anos de idade, que teve a doen\u00e7a p\u00farpura, e morreu em uma semana\u201d, relatou.<\/p>\n<p>Fl\u00e1vio acredita que todas essas mortes foram demais para Jo\u00e3o, principalmente o assassinato da m\u00e3e, que foi o pior trauma, pelo sentimento de impot\u00eancia que toda a fam\u00edlia sentiu. \u201cOs acusados eram dois menores de idade. Foram soltos em poucos dias. Ent\u00e3o, ele tamb\u00e9m se sentiu, como toda a fam\u00edlia, incapaz at\u00e9 de fazer justi\u00e7a\u201d, falou. Por causa da press\u00e3o psicol\u00f3gica, o rapaz sofria\u00a0do transtorno de depress\u00e3o.<\/p>\n<p>Jo\u00e3o tinha duas tatuagens no peito, uma do lado direito, com o nome M\u00e1rcia, em homenagem \u00e0 sua irm\u00e3 falecida h\u00e1 cerca de 1 ano. A outra tatoo, do lado direito, est\u00e3o escritas as palavras \u201cm\u00e3e e pai\u201d, que tamb\u00e9m j\u00e1 morreram, e um desenho de um diamante logo abaixo.<\/p>\n<p><strong>Outro caso de desaparecimento, per\u00e9m, este ainda\u00a0sem\u00a0solu\u00e7\u00e3o<\/strong><\/p>\n<p>J\u00e1 se completou\u00a0nesta quarta-feira (4) 31 dias do\u00a0desaparecimento misterioso de Ana\u00a0Katarina, uma adolescente de\u00a0 17 anos,\u00a0que residia no Alto S\u00e3o Jos\u00e9, zona leste\u00a0da cidade.<\/p>\n<p>A m\u00e3e da adolescente est\u00e1\u00a0desesperada com o sumi\u00e7o repentino da\u00a0filha e cobra uma investiga\u00e7\u00e3o rigorosa\u00a0por parte da Pol\u00edcia Civil (PC) na\u00a0tentativa de descobrir o paradeiro dela.\u00a0Chorando todos os dias, a m\u00e3e j\u00e1 est\u00e1\u00a0sem esperan\u00e7a\u00a0 de encontrar a filha com\u00a0vida.<\/p>\n<p>Ana Katarina era casada e o marido n\u00e3o\u00a0sabe informar o paradeiro da esposa\u00a0nem dar detalhes dos \u00faltimos\u00a0 momentos\u00a0dela antes do desaparecimento.\u00a0Por sua vez, a PC disse que ouviu\u00a0familiares de Ana Katarina nesta\u00a0 quarta-feira (4) e disse que est\u00e1 investigando o misterioso\u00a0desaparecimento da adolescente.<\/p>\n<p>O que dificulta tamb\u00e9m a investiga\u00e7\u00e3o e o fato de que Ana Katarina, n\u00e3o usava celular, algo que\u00a0n\u00e3o \u00e9 normal na sociedade contempor\u00e2nea, ainda mais entre os jovens.\u00a0Uma fonte da PC disse ainda a este canal de comunica\u00e7\u00e3o que o fato da fam\u00edlia da adolescente\u00a0ter demorado a procurar a pol\u00edcia para comunicar o sumi\u00e7o tamb\u00e9m dificulta as\u00a0 investiga\u00e7\u00f5es.<\/p>\n<p>A fam\u00edlia de Ana Katarina, estuda a possibilidade de denunciar o caso ao Minist\u00e9rio P\u00fablico (MP)<\/p>\n<p><strong>CARIRI EM A\u00c7\u00c3O<\/strong><\/p>\n<p>Com O pipoco\/Foto: Reprodu\u00e7\u00e3o Internet<\/p>\n<p>Leia mais not\u00edcias em\u00a0<a href=\"http:\/\/www.caririemacao.com\/\">caririemacao.com<\/a>, siga nossa p\u00e1gina no\u00a0<a href=\"https:\/\/www.facebook.com\/CaririEmAcao\/?ref=aymt_homepage_panel\">Facebook<\/a>,\u00a0<a href=\"https:\/\/www.instagram.com\/cariri_em_acao\/?hl=pt-br\">Instagram<\/a>\u00a0e <a href=\"https:\/\/www.youtube.com\/channel\/UCAptA0jQuYQy8vMhLt2m4qg\">Youtube<\/a>\u00a0e veja nossas mat\u00e9rias, v\u00eddeos e fotos. Voc\u00ea tamb\u00e9m pode enviar informa\u00e7\u00f5es \u00e0 Reda\u00e7\u00e3o do Portal Cariri em A\u00e7\u00e3o pelo WhatsApp (83) 9 9634.5791, (83) 9 9601-1162.<\/p>\n","protected":false},"excerpt":{"rendered":"<p>Uma hist\u00f3ria\u00a0de dor e perdas foi encerrada na Para\u00edba. O corpo de Jo\u00e3o Alberto Gomes de Farias, de 28 anos, foi encontrado nesta quinta-feira (5),&hellip; <\/p>\n","protected":false},"author":1,"featured_media":25307,"comment_status":"closed","ping_status":"closed","sticky":false,"template":"","format":"standard","meta":{"sfsi_plus_gutenberg_text_before_share":"","sfsi_plus_gutenberg_show_text_before_share":"","sfsi_plus_gutenberg_icon_type":"","sfsi_plus_gutenberg_icon_alignemt":"","sfsi_plus_gutenburg_max_per_row":"","footnotes":""},"categories":[12],"tags":[],"class_list":["post-56461","post","type-post","status-publish","format-standard","has-post-thumbnail","hentry","category-policia"],"_links":{"self":[{"href":"https:\/\/www.caririemacao.com\/1\/wp-json\/wp\/v2\/posts\/56461","targetHints":{"allow":["GET"]}}],"collection":[{"href":"https:\/\/www.caririemacao.com\/1\/wp-json\/wp\/v2\/posts"}],"about":[{"href":"https:\/\/www.caririemacao.com\/1\/wp-json\/wp\/v2\/types\/post"}],"author":[{"embeddable":true,"href":"https:\/\/www.caririemacao.com\/1\/wp-json\/wp\/v2\/users\/1"}],"replies":[{"embeddable":true,"href":"https:\/\/www.caririemacao.com\/1\/wp-json\/wp\/v2\/comments?post=56461"}],"version-history":[{"count":1,"href":"https:\/\/www.caririemacao.com\/1\/wp-json\/wp\/v2\/posts\/56461\/revisions"}],"predecessor-version":[{"id":56462,"href":"https:\/\/www.caririemacao.com\/1\/wp-json\/wp\/v2\/posts\/56461\/revisions\/56462"}],"wp:featuredmedia":[{"embeddable":true,"href":"https:\/\/www.caririemacao.com\/1\/wp-json\/wp\/v2\/media\/25307"}],"wp:attachment":[{"href":"https:\/\/www.caririemacao.com\/1\/wp-json\/wp\/v2\/media?parent=56461"}],"wp:term":[{"taxonomy":"category","embeddable":true,"href":"https:\/\/www.caririemacao.com\/1\/wp-json\/wp\/v2\/categories?post=56461"},{"taxonomy":"post_tag","embeddable":true,"href":"https:\/\/www.caririemacao.com\/1\/wp-json\/wp\/v2\/tags?post=56461"}],"curies":[{"name":"wp","href":"https:\/\/api.w.org\/{rel}","templated":true}]}}