{"id":56463,"date":"2018-07-06T18:39:56","date_gmt":"2018-07-06T21:39:56","guid":{"rendered":"http:\/\/caririemacao.com\/1\/?p=56463"},"modified":"2018-07-06T18:39:56","modified_gmt":"2018-07-06T21:39:56","slug":"ate-2022-brasil-perde-para-a-belgica-e-e-eliminado-da-copa-da-russia","status":"publish","type":"post","link":"https:\/\/www.caririemacao.com\/1\/2018\/07\/06\/ate-2022-brasil-perde-para-a-belgica-e-e-eliminado-da-copa-da-russia\/","title":{"rendered":"At\u00e9 2022: Brasil perde para a B\u00e9lgica e \u00e9 eliminado da Copa da R\u00fassia"},"content":{"rendered":"<p><span class=\"news_capital_letter\">O<\/span>sonho do hexa\u00a0j\u00e1 era. Pelo menos at\u00e9 2022. Um apag\u00e3o no primeiro tempo foi respons\u00e1vel por dois gols\u00a0da B\u00e9lgica: Fernandinho\u00a0contra, e De Bruyne. Renato Augusto ainda diminuiu na segunda etapa, mas o ferrolho belga, que quase n\u00e3o saiu para o jogo, travou o sistema ofensivo brasileiro e venceu o jogo.<\/p>\n<p>Neymar\u00a0apagado e Philippe Coutinho pouco criativo n\u00e3o conseguiram ajudar o time: 2 a 1.<\/p>\n<p>Tite\u00a0optou por voltar com Marcelo ao time, que ter\u00e1 tamb\u00e9m Fernandinho\u00a0no lugar de Casemiro, suspenso. Veja a escala\u00e7\u00e3o: Alisson, Thiago\u00a0Silva, Miranda, Marcelo e\u00a0Fagner; Philippe Coutinho, Paulinho, Fernandinho\u00a0e Willian; Neymar e Gabriel Jesus.<\/p>\n<p>J\u00e1 Roberto Mart\u00ednez definiu os Red Devils com: Courtois, Alderweireld, Kompany, Vertonghen\u00a0e Meunier; Witsel, De Bruyne, Fellaini e Chadli; Lukaku e Hazard.<\/p>\n<p>JOGO<\/p>\n<p>Primeiro Tempo:<\/p>\n<p>A sele\u00e7\u00e3o brasileira come\u00e7ou a partida com \u00e2nimo no ataque. Logo no in\u00edcio, ap\u00f3s escanteio, Thiago\u00a0Silva, todo desajeitado, acertou a trave. Mas aos 13&#8242;, tamb\u00e9m de um escanteio, Fernandinho\u00a0mandou pra dentro, mas contra. Gol da B\u00e9lgica.<\/p>\n<p>Aos 31&#8242;, Lukaku\u00a0partiu em contra-ataque, e o pior aconteceu: mais um gol da B\u00e9lgica. De Bruyne\u00a0mandou um bala\u00e7o da entrada da \u00e1rea, sem chance para Alisson: 2 a 0.<\/p>\n<p>Segundo Tempo:<\/p>\n<p>O Brasil voltou sem Willian, com Firmino. E logo no in\u00edcio, Douglas Costa substituiu Gabriel Jesus. A sele\u00e7\u00e3o tem o dom\u00ednio total da partida, mas n\u00e3o chega com objetividade. A \u00fanica chance da B\u00e9lgica foi num contra-ataque, mas a bola foi para fora.<\/p>\n<p>Aos 30&#8242;, a press\u00e3o do Brasil surtiu efeito. Renato Augusto, que havia acabado de entrar no lugar de Paulinho, recebeu cruzamento de Philippe Coutinho e marcou de cabe\u00e7a: GOOOOL\u00a0DO BRASIL!!!!!!<\/p>\n<p>Mas de nada adiantou. No fim: B\u00e9lgica 2 x 1 Brasil<\/p>\n<p><strong>CARIRI EM A\u00c7\u00c3O<\/strong><\/p>\n<p>Com Not\u00edcias ao Minuto\/Foto: Divulga\u00e7\u00e3o<\/p>\n<p>Leia mais not\u00edcias em\u00a0<a href=\"http:\/\/www.caririemacao.com\/\">caririemacao.com<\/a>, siga nossa p\u00e1gina no\u00a0<a href=\"https:\/\/www.facebook.com\/CaririEmAcao\/?ref=aymt_homepage_panel\">Facebook<\/a>,\u00a0<a href=\"https:\/\/www.instagram.com\/cariri_em_acao\/?hl=pt-br\">Instagram<\/a>\u00a0e <a href=\"https:\/\/www.youtube.com\/channel\/UCAptA0jQuYQy8vMhLt2m4qg\">Youtube<\/a>\u00a0e veja nossas mat\u00e9rias, v\u00eddeos e fotos. Voc\u00ea tamb\u00e9m pode enviar informa\u00e7\u00f5es \u00e0 Reda\u00e7\u00e3o do Portal Cariri em A\u00e7\u00e3o pelo WhatsApp (83) 9 9634.5791, (83) 9 9601-1162.<\/p>\n","protected":false},"excerpt":{"rendered":"<p>Osonho do hexa\u00a0j\u00e1 era. Pelo menos at\u00e9 2022. Um apag\u00e3o no primeiro tempo foi respons\u00e1vel por dois gols\u00a0da B\u00e9lgica: Fernandinho\u00a0contra, e De Bruyne. Renato Augusto&hellip; <\/p>\n","protected":false},"author":1,"featured_media":56464,"comment_status":"closed","ping_status":"closed","sticky":false,"template":"","format":"standard","meta":{"sfsi_plus_gutenberg_text_before_share":"","sfsi_plus_gutenberg_show_text_before_share":"","sfsi_plus_gutenberg_icon_type":"","sfsi_plus_gutenberg_icon_alignemt":"","sfsi_plus_gutenburg_max_per_row":"","footnotes":""},"categories":[14],"tags":[],"class_list":["post-56463","post","type-post","status-publish","format-standard","has-post-thumbnail","hentry","category-educacao"],"_links":{"self":[{"href":"https:\/\/www.caririemacao.com\/1\/wp-json\/wp\/v2\/posts\/56463","targetHints":{"allow":["GET"]}}],"collection":[{"href":"https:\/\/www.caririemacao.com\/1\/wp-json\/wp\/v2\/posts"}],"about":[{"href":"https:\/\/www.caririemacao.com\/1\/wp-json\/wp\/v2\/types\/post"}],"author":[{"embeddable":true,"href":"https:\/\/www.caririemacao.com\/1\/wp-json\/wp\/v2\/users\/1"}],"replies":[{"embeddable":true,"href":"https:\/\/www.caririemacao.com\/1\/wp-json\/wp\/v2\/comments?post=56463"}],"version-history":[{"count":1,"href":"https:\/\/www.caririemacao.com\/1\/wp-json\/wp\/v2\/posts\/56463\/revisions"}],"predecessor-version":[{"id":56466,"href":"https:\/\/www.caririemacao.com\/1\/wp-json\/wp\/v2\/posts\/56463\/revisions\/56466"}],"wp:featuredmedia":[{"embeddable":true,"href":"https:\/\/www.caririemacao.com\/1\/wp-json\/wp\/v2\/media\/56464"}],"wp:attachment":[{"href":"https:\/\/www.caririemacao.com\/1\/wp-json\/wp\/v2\/media?parent=56463"}],"wp:term":[{"taxonomy":"category","embeddable":true,"href":"https:\/\/www.caririemacao.com\/1\/wp-json\/wp\/v2\/categories?post=56463"},{"taxonomy":"post_tag","embeddable":true,"href":"https:\/\/www.caririemacao.com\/1\/wp-json\/wp\/v2\/tags?post=56463"}],"curies":[{"name":"wp","href":"https:\/\/api.w.org\/{rel}","templated":true}]}}