{"id":56467,"date":"2018-07-06T18:43:42","date_gmt":"2018-07-06T21:43:42","guid":{"rendered":"http:\/\/caririemacao.com\/1\/?p=56467"},"modified":"2018-07-06T18:43:42","modified_gmt":"2018-07-06T21:43:42","slug":"tite-iguala-dunga-e-fracassa-apos-melhor-campanha-antes-da-copa","status":"publish","type":"post","link":"https:\/\/www.caririemacao.com\/1\/2018\/07\/06\/tite-iguala-dunga-e-fracassa-apos-melhor-campanha-antes-da-copa\/","title":{"rendered":"Tite iguala Dunga e fracassa ap\u00f3s melhor campanha antes da Copa"},"content":{"rendered":"<div class=\"row news-info-container no-margin\">\n<div class=\"col-lg-6 col-md-6 col-sm-6 hidden-xs no-padding\">\n<div class=\"news-social\">\n<div class=\"fb-share-button fb_iframe_widget\" data-href=\"https:\/\/www.noticiasaominuto.com.br\/n\/618760\/?&amp;utm_medium=social&amp;utm_source=facebook.com&amp;utm_campaign=buffer&amp;utm_content=esporte\" data-layout=\"button\" data-size=\"small\" data-mobile-iframe=\"true\"><span class=\"news_capital_letter\">U<\/span>nanimidade desde que chegou \u00e0 CBF, Tite mudou a sele\u00e7\u00e3o, ganhou como nunca e fracassou como Dunga -seu antecessor- \u00e0 frente da equipe na Copa do Mundo. Repetiu o treinador de 2010 e viu o time ser eliminado nas quartas de final.<\/div>\n<\/div>\n<\/div>\n<\/div>\n<div class=\"row news-main-text-container\">\n<div class=\"col-lg-12 col-md-12 col-sm-12 col-xs-12\">\n<div class=\"news-main-text\">\n<div class=\"pub-container inside-news\">\n<div class=\"pub-space\">Tite teve duas derrotas em 26 jogos que comandou, nos 746 dias \u00e0 frente da equipe. A segunda delas nesta sexta-feira (6) para a B\u00e9lgica, acabando com o sonho do sexto t\u00edtulo do pa\u00eds.<\/div>\n<\/div>\n<p>Com a elimina\u00e7\u00e3o em uma quartas de final, Tite se igualou a Dunga (2010), seu antecessor, e Tel\u00ea Santana (1986), um de seus &#8220;professores&#8221; no futebol.<\/p>\n<p>A campanha do Brasil na R\u00fassia teve tr\u00eas vit\u00f3rias, um empate e uma derrota.<\/p>\n<p>Al\u00e9m da miss\u00e3o do hexa, o t\u00e9cnico tinha ainda outra press\u00e3o, de tentar apagar um pouco o vexame de 2014, da inesquec\u00edvel derrota para a Alemanha, por 7 a 1. Se n\u00e3o conseguiu o t\u00edtulo, Tite tamb\u00e9m n\u00e3o passou vergonha.<\/p>\n<p>Nos dois anos que passaram desde sua apresenta\u00e7\u00e3o, ele fez o que os cartolas da CBF queriam. O time venceu e a press\u00e3o sobre os dirigentes em meio a den\u00fancias de corrup\u00e7\u00e3o diminuiu.<\/p>\n<p>O t\u00e9cnico levou \u00e0 confedera\u00e7\u00e3o uma metodologia de trabalho in\u00e9dita, batendo ponto de segunda \u00e0 sexta.<\/p>\n<p>Em campo, o Brasil pulou de quinto da tabela das eliminat\u00f3rias para l\u00edder no fim do torneio qualificat\u00f3rio.<\/p>\n<p>Quando foi apresentado, disse que ainda era um t\u00e9cnico em forma\u00e7\u00e3o e que o ideal de trabalho seria ter assumido logo ap\u00f3s a elimina\u00e7\u00e3o de 2014, o que n\u00e3o aconteceu.<\/p>\n<p>Apesar disso, antes do in\u00edcio da Copa na R\u00fassia, Tite estava satisfeito com seus feitos \u00e0 frente do time. Considerava ter uma equipe pronta para a conquista do Mundial.<\/p>\n<p>Fechou mais do que nunca os treinos para a imprensa, diferentemente do que fizeram seus \u00faltimos antecessores. Na passagem por Sochi, base da equipe, a sele\u00e7\u00e3o realizou apenas um treino aberto para a torcida. Todas outras atividades tiveram restri\u00e7\u00f5es aos jornalistas, que s\u00f3 podiam acompanhar 15 minutos.<\/p>\n<p>Prometeu fazer seu time jogar bonito. Apostou na valoriza\u00e7\u00e3o de posse de bola, em toques curtos, nas triangula\u00e7\u00f5es e na rapidez das jogadas pr\u00f3ximas ao gol advers\u00e1rio, ou no \u00faltimo ter\u00e7o do campo, como gosta de dizer. N\u00e3o deu certo.<\/p>\n<p>Durante o Mundial, Tite fez apenas tr\u00eas altera\u00e7\u00f5es na equipe titular que iniciou as partidas: duas em raz\u00e3o de les\u00f5es e uma por suspens\u00e3o.<\/p>\n<p>A primeira modifica\u00e7\u00e3o no time foi a entrada de Fagner no lugar de Danilo, que sofreu uma contus\u00e3o muscular no quadril direito na v\u00e9spera do duelo contra a Costa Rica.<\/p>\n<p>A segunda foi a entrada de Filipe Lu\u00eds na vaga de Marcelo para o confronto contra o M\u00e9xico. O jogador do Atl\u00e9tico de Madri j\u00e1 havia jogado contra a S\u00e9rvia, quando substituiu o titular aos 9 minutos da etapa inicial. Na ocasi\u00e3o, o lateral esquerdo do Real Madrid sofreu um espasmo na coluna.<\/p>\n<p>Ele ainda teve que fazer uma altera\u00e7\u00e3o for\u00e7ada para o duelo contra B\u00e9lgica. Sem Casemiro, suspenso, escalou Fernandinho, uma esp\u00e9cie de 12\u00ba jogador seu no Mundial. Ele havia entrado na etapa complementar de todas as partidas.<\/p>\n<p>A elimina\u00e7\u00e3o frustrou cerca de 48% da popula\u00e7\u00e3o, que acreditavam no t\u00edtulo, segundo pesquisa Datafolha. Entre os entrevistados, 64% consideravam o trabalho do ga\u00facho de 57 anos como \u00f3timo ou bom, pelo menos at\u00e9 o \u00faltimo m\u00eas de junho.<\/p>\n<p>Ainda assim, a sele\u00e7\u00e3o brasileira continua sendo a maior vencedora de Copas, com cinco t\u00edtulos -Alemanha e It\u00e1lia s\u00e3o tetracampe\u00e3s.<\/p>\n<p>Se n\u00e3o teve o sucesso que gostaria dentro de campo, Tite n\u00e3o reclamar\u00e1 do que teve fora. Ao todo, vai receber cerca de R$ 10 milh\u00f5es de patrocinadores.<\/p>\n<p><strong>CARIRI EM A\u00c7\u00c3O<\/strong><\/p>\n<p>Com Folhapress\/Foto: Reprodu\u00e7\u00e3o Internet<\/p>\n<p>Leia mais not\u00edcias em\u00a0<a href=\"http:\/\/www.caririemacao.com\/\">caririemacao.com<\/a>, siga nossa p\u00e1gina no\u00a0<a href=\"https:\/\/www.facebook.com\/CaririEmAcao\/?ref=aymt_homepage_panel\">Facebook<\/a>,\u00a0<a href=\"https:\/\/www.instagram.com\/cariri_em_acao\/?hl=pt-br\">Instagram<\/a>\u00a0e <a href=\"https:\/\/www.youtube.com\/channel\/UCAptA0jQuYQy8vMhLt2m4qg\">Youtube<\/a>\u00a0e veja nossas mat\u00e9rias, v\u00eddeos e fotos. Voc\u00ea tamb\u00e9m pode enviar informa\u00e7\u00f5es \u00e0 Reda\u00e7\u00e3o do Portal Cariri em A\u00e7\u00e3o pelo WhatsApp (83) 9 9634.5791, (83) 9 9601-1162.<\/p>\n<\/div>\n<\/div>\n<\/div>\n","protected":false},"excerpt":{"rendered":"<p>Unanimidade desde que chegou \u00e0 CBF, Tite mudou a sele\u00e7\u00e3o, ganhou como nunca e fracassou como Dunga -seu antecessor- \u00e0 frente da equipe na Copa&hellip; <\/p>\n","protected":false},"author":1,"featured_media":56468,"comment_status":"closed","ping_status":"closed","sticky":false,"template":"","format":"standard","meta":{"sfsi_plus_gutenberg_text_before_share":"","sfsi_plus_gutenberg_show_text_before_share":"","sfsi_plus_gutenberg_icon_type":"","sfsi_plus_gutenberg_icon_alignemt":"","sfsi_plus_gutenburg_max_per_row":"","footnotes":""},"categories":[13],"tags":[],"class_list":["post-56467","post","type-post","status-publish","format-standard","has-post-thumbnail","hentry","category-esportes"],"_links":{"self":[{"href":"https:\/\/www.caririemacao.com\/1\/wp-json\/wp\/v2\/posts\/56467","targetHints":{"allow":["GET"]}}],"collection":[{"href":"https:\/\/www.caririemacao.com\/1\/wp-json\/wp\/v2\/posts"}],"about":[{"href":"https:\/\/www.caririemacao.com\/1\/wp-json\/wp\/v2\/types\/post"}],"author":[{"embeddable":true,"href":"https:\/\/www.caririemacao.com\/1\/wp-json\/wp\/v2\/users\/1"}],"replies":[{"embeddable":true,"href":"https:\/\/www.caririemacao.com\/1\/wp-json\/wp\/v2\/comments?post=56467"}],"version-history":[{"count":1,"href":"https:\/\/www.caririemacao.com\/1\/wp-json\/wp\/v2\/posts\/56467\/revisions"}],"predecessor-version":[{"id":56469,"href":"https:\/\/www.caririemacao.com\/1\/wp-json\/wp\/v2\/posts\/56467\/revisions\/56469"}],"wp:featuredmedia":[{"embeddable":true,"href":"https:\/\/www.caririemacao.com\/1\/wp-json\/wp\/v2\/media\/56468"}],"wp:attachment":[{"href":"https:\/\/www.caririemacao.com\/1\/wp-json\/wp\/v2\/media?parent=56467"}],"wp:term":[{"taxonomy":"category","embeddable":true,"href":"https:\/\/www.caririemacao.com\/1\/wp-json\/wp\/v2\/categories?post=56467"},{"taxonomy":"post_tag","embeddable":true,"href":"https:\/\/www.caririemacao.com\/1\/wp-json\/wp\/v2\/tags?post=56467"}],"curies":[{"name":"wp","href":"https:\/\/api.w.org\/{rel}","templated":true}]}}