{"id":56472,"date":"2018-07-06T18:51:08","date_gmt":"2018-07-06T21:51:08","guid":{"rendered":"http:\/\/caririemacao.com\/1\/?p=56472"},"modified":"2018-07-06T18:51:08","modified_gmt":"2018-07-06T21:51:08","slug":"deputados-comemoram-entrega-das-novas-instalacoes-da-alpb","status":"publish","type":"post","link":"https:\/\/www.caririemacao.com\/1\/2018\/07\/06\/deputados-comemoram-entrega-das-novas-instalacoes-da-alpb\/","title":{"rendered":"Deputados comemoram entrega das novas instala\u00e7\u00f5es da ALPB"},"content":{"rendered":"<p>As novas instala\u00e7\u00f5es da Assembleia Legislativa da Para\u00edba foram entregues na tarde desta quinta-feira (5). Participaram da solenidade diversos deputados, que comentaram sobre a reforma da casa.<em><strong>\u00a0<\/strong><\/em><\/p>\n<p><span lang=\"pt-BR\">\u201cEu acredito que os grandes benefici\u00e1rios ser\u00e3o os funcion\u00e1rios. Eles carregam nas costas os trabalhos da casa. \u00c9 importante que a Assembleia Legislativa tenha permanecido em seu lugar. Isso leva os paraibanos a ter mais orgulho de ser paraibano\u201d, disse Frei Anast\u00e1cio (PT).\u00a0<\/span><\/p>\n<p><span lang=\"pt-BR\">\u201cEssa reforma \u00e9 uma grande obra do presidente Gerv\u00e1sio. N\u00f3s precis\u00e1vamos de uma mudan\u00e7a na estrutura da casa. Essa reforma foi muito al\u00e9m das nossas expectativas\u201d, falou\u00a0a deputada Camila Toscano (PSDB).\u00a0<\/span><\/p>\n<p><span lang=\"pt-BR\">\u201cA nossa Assembleia era uma das piores, agora estamos entre as melhores do ponto de vista de funcionalidade, isso revigora o Centro da cidade\u201d, afirmou o deputado Raniery Paulino (MDB).<\/span><\/p>\n<p><span lang=\"pt-BR\">\u201cEssa entrega \u00e9 para toda popula\u00e7\u00e3o. Sempre lutei para que a Assembleia continuasse neste local de f\u00e1cil acesso aos pessoensses\u201d, disse Tovar Correia Lima (PSDB).<\/span><\/p>\n<p><strong>CARIRI EM A\u00c7\u00c3O<\/strong><\/p>\n<p>Com Portal Correio\/Foto: Reprodu\u00e7\u00e3o Internet<\/p>\n<p>Leia mais not\u00edcias em\u00a0<a href=\"http:\/\/www.caririemacao.com\/\">caririemacao.com<\/a>, siga nossa p\u00e1gina no\u00a0<a href=\"https:\/\/www.facebook.com\/CaririEmAcao\/?ref=aymt_homepage_panel\">Facebook<\/a>,\u00a0<a href=\"https:\/\/www.instagram.com\/cariri_em_acao\/?hl=pt-br\">Instagram<\/a>\u00a0e <a href=\"https:\/\/www.youtube.com\/channel\/UCAptA0jQuYQy8vMhLt2m4qg\">Youtube<\/a>\u00a0e veja nossas mat\u00e9rias, v\u00eddeos e fotos. Voc\u00ea tamb\u00e9m pode enviar informa\u00e7\u00f5es \u00e0 Reda\u00e7\u00e3o do Portal Cariri em A\u00e7\u00e3o pelo WhatsApp (83) 9 9634.5791, (83) 9 9601-1162.<\/p>\n","protected":false},"excerpt":{"rendered":"<p>As novas instala\u00e7\u00f5es da Assembleia Legislativa da Para\u00edba foram entregues na tarde desta quinta-feira (5). Participaram da solenidade diversos deputados, que comentaram sobre a reforma&hellip; <\/p>\n","protected":false},"author":1,"featured_media":56473,"comment_status":"closed","ping_status":"closed","sticky":false,"template":"","format":"standard","meta":{"sfsi_plus_gutenberg_text_before_share":"","sfsi_plus_gutenberg_show_text_before_share":"","sfsi_plus_gutenberg_icon_type":"","sfsi_plus_gutenberg_icon_alignemt":"","sfsi_plus_gutenburg_max_per_row":"","footnotes":""},"categories":[11],"tags":[],"class_list":["post-56472","post","type-post","status-publish","format-standard","has-post-thumbnail","hentry","category-politica"],"_links":{"self":[{"href":"https:\/\/www.caririemacao.com\/1\/wp-json\/wp\/v2\/posts\/56472","targetHints":{"allow":["GET"]}}],"collection":[{"href":"https:\/\/www.caririemacao.com\/1\/wp-json\/wp\/v2\/posts"}],"about":[{"href":"https:\/\/www.caririemacao.com\/1\/wp-json\/wp\/v2\/types\/post"}],"author":[{"embeddable":true,"href":"https:\/\/www.caririemacao.com\/1\/wp-json\/wp\/v2\/users\/1"}],"replies":[{"embeddable":true,"href":"https:\/\/www.caririemacao.com\/1\/wp-json\/wp\/v2\/comments?post=56472"}],"version-history":[{"count":1,"href":"https:\/\/www.caririemacao.com\/1\/wp-json\/wp\/v2\/posts\/56472\/revisions"}],"predecessor-version":[{"id":56474,"href":"https:\/\/www.caririemacao.com\/1\/wp-json\/wp\/v2\/posts\/56472\/revisions\/56474"}],"wp:featuredmedia":[{"embeddable":true,"href":"https:\/\/www.caririemacao.com\/1\/wp-json\/wp\/v2\/media\/56473"}],"wp:attachment":[{"href":"https:\/\/www.caririemacao.com\/1\/wp-json\/wp\/v2\/media?parent=56472"}],"wp:term":[{"taxonomy":"category","embeddable":true,"href":"https:\/\/www.caririemacao.com\/1\/wp-json\/wp\/v2\/categories?post=56472"},{"taxonomy":"post_tag","embeddable":true,"href":"https:\/\/www.caririemacao.com\/1\/wp-json\/wp\/v2\/tags?post=56472"}],"curies":[{"name":"wp","href":"https:\/\/api.w.org\/{rel}","templated":true}]}}