{"id":56475,"date":"2018-07-06T18:53:21","date_gmt":"2018-07-06T21:53:21","guid":{"rendered":"http:\/\/caririemacao.com\/1\/?p=56475"},"modified":"2018-07-06T18:53:21","modified_gmt":"2018-07-06T21:53:21","slug":"depois-de-galdino-veneziano-defende-reaproximacao-de-ligia-com-o-psb","status":"publish","type":"post","link":"https:\/\/www.caririemacao.com\/1\/2018\/07\/06\/depois-de-galdino-veneziano-defende-reaproximacao-de-ligia-com-o-psb\/","title":{"rendered":"Depois de Galdino, Veneziano defende reaproxima\u00e7\u00e3o de L\u00edgia com o PSB"},"content":{"rendered":"<p class=\"western\">O pr\u00e9-candidato ao Senado pelo PSB, deputado federal Veneziano Vital do R\u00eago, defendeu, nesta sexta-feira (6), em entrevista a Hiran Barbosa e Valderedo Borba, da\u00a098 FM de Campina Grande, a reaproxima\u00e7\u00e3o da vice-governadora L\u00edgia Feliciano (PDT) com o grupo do governador Ricardo Coutinho. Nessa quinta-feira (5), quem tamb\u00e9m comungou da mesma tese foi o deputado estadual Adriano Galdino (PSB).<\/p>\n<p class=\"western\">Veneziano disse que gostaria de contar com a presen\u00e7a do PDT no projeto encabe\u00e7ado por Jo\u00e3o Azev\u00eado, mas lembrou se tratar de uma defini\u00e7\u00e3o que s\u00f3 depende dos pedetistas. \u201cGostaria de contar com PDT, mas tamb\u00e9m com outros partidos, mas isso \u00e9 uma coisa que depende do pr\u00f3prio PDT\u201d, observou.<\/p>\n<p class=\"western\">Sobre a possibilidade de alian\u00e7a com o PP, da deputada Daniella Ribeiro, Veneziano disse n\u00e3o haver dificuldade de conviv\u00eancia com o grupo da parlamentar, caso ela decida compor com o PSB. \u201cSe houver essa disposi\u00e7\u00e3o do PP para compor conosco, a deputada Daniella seria muito bem-vinda, pois n\u00e3o h\u00e1 qualquer dificuldade de conviv\u00eancia\u201d, arrematou.<\/p>\n<div class=\"static-content\">Em respeito \u00e0 Legisla\u00e7\u00e3o Eleitoral, o Portal Correio n\u00e3o publicar\u00e1 os coment\u00e1rios dos leitores. O espa\u00e7o para a intera\u00e7\u00e3o com o p\u00fablico voltar\u00e1 a ser aberto logo que as elei\u00e7\u00f5es de 2018 se encerrem.<\/div>\n<div>\n<p><strong>CARIRI EM A\u00c7\u00c3O<\/strong><\/p>\n<p>Com Portal Correio\/Foto: Reprodu\u00e7\u00e3o Internet<\/p>\n<p>Leia mais not\u00edcias em\u00a0<a href=\"http:\/\/www.caririemacao.com\/\">caririemacao.com<\/a>, siga nossa p\u00e1gina no\u00a0<a href=\"https:\/\/www.facebook.com\/CaririEmAcao\/?ref=aymt_homepage_panel\">Facebook<\/a>,\u00a0<a href=\"https:\/\/www.instagram.com\/cariri_em_acao\/?hl=pt-br\">Instagram<\/a>\u00a0e <a href=\"https:\/\/www.youtube.com\/channel\/UCAptA0jQuYQy8vMhLt2m4qg\">Youtube<\/a>\u00a0e veja nossas mat\u00e9rias, v\u00eddeos e fotos. Voc\u00ea tamb\u00e9m pode enviar informa\u00e7\u00f5es \u00e0 Reda\u00e7\u00e3o do Portal Cariri em A\u00e7\u00e3o pelo WhatsApp (83) 9 9634.5791, (83) 9 9601-1162.<\/p>\n<\/div>\n","protected":false},"excerpt":{"rendered":"<p>O pr\u00e9-candidato ao Senado pelo PSB, deputado federal Veneziano Vital do R\u00eago, defendeu, nesta sexta-feira (6), em entrevista a Hiran Barbosa e Valderedo Borba, da\u00a098&hellip; <\/p>\n","protected":false},"author":1,"featured_media":33425,"comment_status":"closed","ping_status":"closed","sticky":false,"template":"","format":"standard","meta":{"sfsi_plus_gutenberg_text_before_share":"","sfsi_plus_gutenberg_show_text_before_share":"","sfsi_plus_gutenberg_icon_type":"","sfsi_plus_gutenberg_icon_alignemt":"","sfsi_plus_gutenburg_max_per_row":"","footnotes":""},"categories":[1],"tags":[],"class_list":["post-56475","post","type-post","status-publish","format-standard","has-post-thumbnail","hentry","category-o-site"],"_links":{"self":[{"href":"https:\/\/www.caririemacao.com\/1\/wp-json\/wp\/v2\/posts\/56475","targetHints":{"allow":["GET"]}}],"collection":[{"href":"https:\/\/www.caririemacao.com\/1\/wp-json\/wp\/v2\/posts"}],"about":[{"href":"https:\/\/www.caririemacao.com\/1\/wp-json\/wp\/v2\/types\/post"}],"author":[{"embeddable":true,"href":"https:\/\/www.caririemacao.com\/1\/wp-json\/wp\/v2\/users\/1"}],"replies":[{"embeddable":true,"href":"https:\/\/www.caririemacao.com\/1\/wp-json\/wp\/v2\/comments?post=56475"}],"version-history":[{"count":1,"href":"https:\/\/www.caririemacao.com\/1\/wp-json\/wp\/v2\/posts\/56475\/revisions"}],"predecessor-version":[{"id":56476,"href":"https:\/\/www.caririemacao.com\/1\/wp-json\/wp\/v2\/posts\/56475\/revisions\/56476"}],"wp:featuredmedia":[{"embeddable":true,"href":"https:\/\/www.caririemacao.com\/1\/wp-json\/wp\/v2\/media\/33425"}],"wp:attachment":[{"href":"https:\/\/www.caririemacao.com\/1\/wp-json\/wp\/v2\/media?parent=56475"}],"wp:term":[{"taxonomy":"category","embeddable":true,"href":"https:\/\/www.caririemacao.com\/1\/wp-json\/wp\/v2\/categories?post=56475"},{"taxonomy":"post_tag","embeddable":true,"href":"https:\/\/www.caririemacao.com\/1\/wp-json\/wp\/v2\/tags?post=56475"}],"curies":[{"name":"wp","href":"https:\/\/api.w.org\/{rel}","templated":true}]}}