{"id":56477,"date":"2018-07-06T18:56:19","date_gmt":"2018-07-06T21:56:19","guid":{"rendered":"http:\/\/caririemacao.com\/1\/?p=56477"},"modified":"2018-07-06T18:56:19","modified_gmt":"2018-07-06T21:56:19","slug":"segudo-lote-de-restituicao-do-irpf-2018-contempla-35-mil-contribuintes-na-pb","status":"publish","type":"post","link":"https:\/\/www.caririemacao.com\/1\/2018\/07\/06\/segudo-lote-de-restituicao-do-irpf-2018-contempla-35-mil-contribuintes-na-pb\/","title":{"rendered":"Segudo lote de restitui\u00e7\u00e3o do IRPF 2018 contempla 35 mil contribuintes na PB"},"content":{"rendered":"<div class=\"mc-column content-media content-media--normal  content-photo\" data-block-type=\"backstage-photo\" data-block-id=\"0\">\n<div class=\"content-media__container\">\n<div class=\"content-media__description-centered \">\n<p class=\"content-media__description\">A consulta ao segundo lote de restitui\u00e7\u00e3o do Imposto de Renda (IRPF) de 2018 (ano-calend\u00e1rio 2017) vai estar dispon\u00edvel a partir das 9h da segunda-feira (9), de acordo com a Receita Federal. Na Para\u00edba, o cr\u00e9dito para 35.574 contribuintes deve ser realizado no dia 16 de julho, totalizando R$ 54,3 milh\u00f5es.<\/p>\n<\/div>\n<\/div>\n<\/div>\n<div class=\"wall\">\n<div class=\"mc-column content-text active-extra-styles \" data-block-type=\"unstyled\" data-block-weight=\"27\" data-block-id=\"3\">\n<p class=\"content-text__container \" data-track-category=\"Link no Texto\" data-track-links=\"\">O lote de restitui\u00e7\u00e3o do Imposto de Renda da Pessoa F\u00edsica contempla tamb\u00e9m as restitui\u00e7\u00f5es residuais referentes aos exerc\u00edcios de 2008 a 2017 (anos-calend\u00e1rios 2007 a 2016).<\/p>\n<\/div>\n<div class=\"mc-column content-text active-extra-styles \" data-block-type=\"unstyled\" data-block-weight=\"54\" data-block-id=\"4\">\n<p class=\"content-text__container \" data-track-category=\"Link no Texto\" data-track-links=\"\">O contribuinte deve acessar o\u00a0<a href=\"http:\/\/idg.receita.fazenda.gov.br\/\" target=\"_blank\" rel=\"noopener\">site da Receita Federal na Internet<\/a>\u00a0ou ligar para o Receitafone 146 para saber se teve a declara\u00e7\u00e3o liberada. Ao consultar o servi\u00e7o e-CAC na p\u00e1gina da Receita \u00e9 poss\u00edvel visualizar o extrato da declara\u00e7\u00e3o, visualizar se h\u00e1 inconsist\u00eancias e, ent\u00e3o fazer a autorregulariza\u00e7\u00e3o, mediante entrega da declara\u00e7\u00e3o retificadora.<\/p>\n<\/div>\n<div class=\"mc-column content-text active-extra-styles \" data-block-type=\"unstyled\" data-block-weight=\"33\" data-block-id=\"5\">\n<p class=\"content-text__container \" data-track-category=\"Link no Texto\" data-track-links=\"\">Ainda \u00e9 poss\u00edvel consultar, diretamente das bases da Receita Federal, informa\u00e7\u00f5es sobre libera\u00e7\u00e3o das restitui\u00e7\u00f5es do IRPF e a situa\u00e7\u00e3o cadastral de um CPF, por meio do aplicativo disponibilizado para tablets e smartphones.<\/p>\n<\/div>\n<div class=\"mc-column content-text active-extra-styles \" data-block-type=\"unstyled\" data-block-weight=\"45\" data-block-id=\"6\">\n<p class=\"content-text__container \" data-track-category=\"Link no Texto\" data-track-links=\"\">A restitui\u00e7\u00e3o ficar\u00e1 dispon\u00edvel no banco durante um ano. Se o contribuinte n\u00e3o fizer o resgate nesse prazo, dever\u00e1 solicit\u00e1-la por meio da internet, mediante o Formul\u00e1rio Eletr\u00f4nico &#8211; Pedido de Pagamento de Restitui\u00e7\u00e3o, ou diretamente no e-CAC, no servi\u00e7o Extrato do Processamento da DIRPF.<\/p>\n<\/div>\n<\/div>\n<div data-track-category=\"fim do conteudo\" data-track-action=\"ultimo chunk conteudo\" data-track-noninteraction=\"false\" data-track-scroll=\"entrada completa viewport\">\n<div class=\"mc-column content-text active-extra-styles \" data-block-type=\"unstyled\" data-block-weight=\"54\" data-block-id=\"7\">\n<p class=\"content-text__container \" data-track-category=\"Link no Texto\" data-track-links=\"\">Caso o valor n\u00e3o seja creditado, o contribuinte poder\u00e1 contatar pessoalmente qualquer ag\u00eancia do BB ou ligar para a Central de Atendimento por meio do telefone 4004-0001 (capitais) e 0800-729-0001 (demais localidades) e 0800-729-0088 (telefone especial exclusivo para deficientes auditivos) para agendar o cr\u00e9dito em conta-corrente ou poupan\u00e7a, em seu nome, em qualquer banco.<\/p>\n<p><strong>CARIRI EM A\u00c7\u00c3O<\/strong><\/p>\n<p>Com G1 \/Foto: Reprodu\u00e7\u00e3o Internet<\/p>\n<p>Leia mais not\u00edcias em\u00a0<a href=\"http:\/\/www.caririemacao.com\/\">caririemacao.com<\/a>, siga nossa p\u00e1gina no\u00a0<a href=\"https:\/\/www.facebook.com\/CaririEmAcao\/?ref=aymt_homepage_panel\">Facebook<\/a>,\u00a0<a href=\"https:\/\/www.instagram.com\/cariri_em_acao\/?hl=pt-br\">Instagram<\/a>\u00a0e <a href=\"https:\/\/www.youtube.com\/channel\/UCAptA0jQuYQy8vMhLt2m4qg\">Youtube<\/a>\u00a0e veja nossas mat\u00e9rias, v\u00eddeos e fotos. Voc\u00ea tamb\u00e9m pode enviar informa\u00e7\u00f5es \u00e0 Reda\u00e7\u00e3o do Portal Cariri em A\u00e7\u00e3o pelo WhatsApp (83) 9 9634.5791, (83) 9 9601-1162.<\/p>\n<\/div>\n<\/div>\n","protected":false},"excerpt":{"rendered":"<p>A consulta ao segundo lote de restitui\u00e7\u00e3o do Imposto de Renda (IRPF) de 2018 (ano-calend\u00e1rio 2017) vai estar dispon\u00edvel a partir das 9h da segunda-feira&hellip; <\/p>\n","protected":false},"author":1,"featured_media":48430,"comment_status":"closed","ping_status":"closed","sticky":false,"template":"","format":"standard","meta":{"sfsi_plus_gutenberg_text_before_share":"","sfsi_plus_gutenberg_show_text_before_share":"","sfsi_plus_gutenberg_icon_type":"","sfsi_plus_gutenberg_icon_alignemt":"","sfsi_plus_gutenburg_max_per_row":"","footnotes":""},"categories":[2],"tags":[],"class_list":["post-56477","post","type-post","status-publish","format-standard","has-post-thumbnail","hentry","category-geral"],"_links":{"self":[{"href":"https:\/\/www.caririemacao.com\/1\/wp-json\/wp\/v2\/posts\/56477","targetHints":{"allow":["GET"]}}],"collection":[{"href":"https:\/\/www.caririemacao.com\/1\/wp-json\/wp\/v2\/posts"}],"about":[{"href":"https:\/\/www.caririemacao.com\/1\/wp-json\/wp\/v2\/types\/post"}],"author":[{"embeddable":true,"href":"https:\/\/www.caririemacao.com\/1\/wp-json\/wp\/v2\/users\/1"}],"replies":[{"embeddable":true,"href":"https:\/\/www.caririemacao.com\/1\/wp-json\/wp\/v2\/comments?post=56477"}],"version-history":[{"count":1,"href":"https:\/\/www.caririemacao.com\/1\/wp-json\/wp\/v2\/posts\/56477\/revisions"}],"predecessor-version":[{"id":56478,"href":"https:\/\/www.caririemacao.com\/1\/wp-json\/wp\/v2\/posts\/56477\/revisions\/56478"}],"wp:featuredmedia":[{"embeddable":true,"href":"https:\/\/www.caririemacao.com\/1\/wp-json\/wp\/v2\/media\/48430"}],"wp:attachment":[{"href":"https:\/\/www.caririemacao.com\/1\/wp-json\/wp\/v2\/media?parent=56477"}],"wp:term":[{"taxonomy":"category","embeddable":true,"href":"https:\/\/www.caririemacao.com\/1\/wp-json\/wp\/v2\/categories?post=56477"},{"taxonomy":"post_tag","embeddable":true,"href":"https:\/\/www.caririemacao.com\/1\/wp-json\/wp\/v2\/tags?post=56477"}],"curies":[{"name":"wp","href":"https:\/\/api.w.org\/{rel}","templated":true}]}}