{"id":56479,"date":"2018-07-06T18:58:39","date_gmt":"2018-07-06T21:58:39","guid":{"rendered":"http:\/\/caririemacao.com\/1\/?p=56479"},"modified":"2018-07-06T18:58:39","modified_gmt":"2018-07-06T21:58:39","slug":"resultado-final-do-concurso-da-pm-e-bombeiros-da-paraiba-e-homologado","status":"publish","type":"post","link":"https:\/\/www.caririemacao.com\/1\/2018\/07\/06\/resultado-final-do-concurso-da-pm-e-bombeiros-da-paraiba-e-homologado\/","title":{"rendered":"Resultado final do concurso da PM e Bombeiros da Para\u00edba \u00e9 homologado"},"content":{"rendered":"<div class=\"mc-column content-media content-media--normal  content-photo\" data-block-type=\"backstage-photo\" data-block-id=\"0\">\n<div class=\"content-media__container\">\n<div class=\"content-media__description-centered \">\n<p class=\"content-media__description\">Foi divulgado nesta sexta-feira (6) o resultado final do concurso da Pol\u00edcia Militar e Corpo de Bombeiros da Para\u00edba, que ofereceu mil vagas para as duas corpora\u00e7\u00f5es . A portaria com a homologa\u00e7\u00e3o do resultado foi publicada no Di\u00e1rio Oficial do Estado da Para\u00edba (DOE-PB).<\/p>\n<\/div>\n<\/div>\n<\/div>\n<div class=\"wall\">\n<div class=\"mc-column content-text active-extra-styles \" data-block-type=\"unstyled\" data-block-weight=\"12\" data-block-id=\"3\">\n<p class=\"content-text__container \" data-track-category=\"Link no Texto\" data-track-links=\"\"><a href=\"http:\/\/static.paraiba.pb.gov.br\/2018\/07\/Diario-Oficial-06-07-2018.pdf\" target=\"_blank\" rel=\"noopener\">Veja o resultado final do concurso da PM e Bombeiros da Para\u00edba<\/a><\/p>\n<\/div>\n<div class=\"mc-column content-text active-extra-styles \" data-block-type=\"unstyled\" data-block-weight=\"49\" data-block-id=\"4\">\n<p class=\"content-text__container \" data-track-category=\"Link no Texto\" data-track-links=\"\">No total, s\u00e3o oferecidas 400 vagas para a regi\u00e3o de Campina Grande, 346 para a Regi\u00e3o de Jo\u00e3o Pessoa e 254 para o Sert\u00e3o. As oportunidades s\u00e3o para cargos de soldado da qualifica\u00e7\u00e3o de pra\u00e7as combatentes (QPC), da Pol\u00edcia Militar, e soldado do quadro de pra\u00e7as bombeiro militar combatente.<\/p>\n<\/div>\n<div class=\"mc-column content-text active-extra-styles\" data-block-type=\"raw\" data-block-weight=\"2\" data-block-id=\"5\">\n<div class=\"content-intertitle\">\n<p><strong>Avalia\u00e7\u00e3o social<\/strong><\/p>\n<\/div>\n<\/div>\n<\/div>\n<div data-track-category=\"fim do conteudo\" data-track-action=\"ultimo chunk conteudo\" data-track-noninteraction=\"false\" data-track-scroll=\"entrada completa viewport\">\n<div class=\"mc-column content-text active-extra-styles \" data-block-type=\"unstyled\" data-block-weight=\"57\" data-block-id=\"6\">\n<p class=\"content-text__container \" data-track-category=\"Link no Texto\" data-track-links=\"\">De acordo com o edital, antes da nomea\u00e7\u00e3o os candidatos que forem considerados aptos em todas as etapas anteriores passam pelos exames de avalia\u00e7\u00e3o social, que s\u00e3o de car\u00e1ter eliminat\u00f3rio. O teste consiste de uma pesquisa da conduta pessoal do candidato, com base em documentos oficiais e em informa\u00e7\u00f5es presentes em formul\u00e1rio peculiar, preenchido pelo pr\u00f3prio candidato.<\/p>\n<p><strong>CARIRI EM A\u00c7\u00c3O<\/strong><\/p>\n<p>Com G1 \/Foto: Reprodu\u00e7\u00e3o Internet<\/p>\n<p>Leia mais not\u00edcias em\u00a0<a href=\"http:\/\/www.caririemacao.com\/\">caririemacao.com<\/a>, siga nossa p\u00e1gina no\u00a0<a href=\"https:\/\/www.facebook.com\/CaririEmAcao\/?ref=aymt_homepage_panel\">Facebook<\/a>,\u00a0<a href=\"https:\/\/www.instagram.com\/cariri_em_acao\/?hl=pt-br\">Instagram<\/a>\u00a0e <a href=\"https:\/\/www.youtube.com\/channel\/UCAptA0jQuYQy8vMhLt2m4qg\">Youtube<\/a>\u00a0e veja nossas mat\u00e9rias, v\u00eddeos e fotos. Voc\u00ea tamb\u00e9m pode enviar informa\u00e7\u00f5es \u00e0 Reda\u00e7\u00e3o do Portal Cariri em A\u00e7\u00e3o pelo WhatsApp (83) 9 9634.5791, (83) 9 9601-1162.<\/p>\n<\/div>\n<\/div>\n","protected":false},"excerpt":{"rendered":"<p>Foi divulgado nesta sexta-feira (6) o resultado final do concurso da Pol\u00edcia Militar e Corpo de Bombeiros da Para\u00edba, que ofereceu mil vagas para as&hellip; <\/p>\n","protected":false},"author":1,"featured_media":48478,"comment_status":"closed","ping_status":"closed","sticky":false,"template":"","format":"standard","meta":{"sfsi_plus_gutenberg_text_before_share":"","sfsi_plus_gutenberg_show_text_before_share":"","sfsi_plus_gutenberg_icon_type":"","sfsi_plus_gutenberg_icon_alignemt":"","sfsi_plus_gutenburg_max_per_row":"","footnotes":""},"categories":[2],"tags":[],"class_list":["post-56479","post","type-post","status-publish","format-standard","has-post-thumbnail","hentry","category-geral"],"_links":{"self":[{"href":"https:\/\/www.caririemacao.com\/1\/wp-json\/wp\/v2\/posts\/56479","targetHints":{"allow":["GET"]}}],"collection":[{"href":"https:\/\/www.caririemacao.com\/1\/wp-json\/wp\/v2\/posts"}],"about":[{"href":"https:\/\/www.caririemacao.com\/1\/wp-json\/wp\/v2\/types\/post"}],"author":[{"embeddable":true,"href":"https:\/\/www.caririemacao.com\/1\/wp-json\/wp\/v2\/users\/1"}],"replies":[{"embeddable":true,"href":"https:\/\/www.caririemacao.com\/1\/wp-json\/wp\/v2\/comments?post=56479"}],"version-history":[{"count":1,"href":"https:\/\/www.caririemacao.com\/1\/wp-json\/wp\/v2\/posts\/56479\/revisions"}],"predecessor-version":[{"id":56480,"href":"https:\/\/www.caririemacao.com\/1\/wp-json\/wp\/v2\/posts\/56479\/revisions\/56480"}],"wp:featuredmedia":[{"embeddable":true,"href":"https:\/\/www.caririemacao.com\/1\/wp-json\/wp\/v2\/media\/48478"}],"wp:attachment":[{"href":"https:\/\/www.caririemacao.com\/1\/wp-json\/wp\/v2\/media?parent=56479"}],"wp:term":[{"taxonomy":"category","embeddable":true,"href":"https:\/\/www.caririemacao.com\/1\/wp-json\/wp\/v2\/categories?post=56479"},{"taxonomy":"post_tag","embeddable":true,"href":"https:\/\/www.caririemacao.com\/1\/wp-json\/wp\/v2\/tags?post=56479"}],"curies":[{"name":"wp","href":"https:\/\/api.w.org\/{rel}","templated":true}]}}