{"id":56484,"date":"2018-07-06T19:13:10","date_gmt":"2018-07-06T22:13:10","guid":{"rendered":"http:\/\/caririemacao.com\/1\/?p=56484"},"modified":"2018-07-06T19:14:05","modified_gmt":"2018-07-06T22:14:05","slug":"alta-a-gasolina-tera-novo-reajuste-de-107-no-brasil","status":"publish","type":"post","link":"https:\/\/www.caririemacao.com\/1\/2018\/07\/06\/alta-a-gasolina-tera-novo-reajuste-de-107-no-brasil\/","title":{"rendered":"ALTA: A gasolina ter\u00e1 novo reajuste de 1,07% no Brasil"},"content":{"rendered":"<p>A partir deste s\u00e1bado (7), a gasolina ter\u00e1 reajuste de 1,07% nas refinarias da estatal e passar\u00e1 a custar R$ 2,0249 por litro.\u00a0A Petrobras anunciou nesta sexta-feira (6) o segundo aumento no valor do combust\u00edvel neste m\u00eas.\u00a0O aumento dever\u00e1 chegar rapidamente \u00e0s bombas.<\/p>\n<p>No m\u00eas, o combust\u00edvel acumula alta de 3,92%, ou seja, de quase R$ 0,08, j\u00e1 que no final de junho a gasolina era negociada a R$ 1,9486. Na \u00faltima quarta (4), os\u00a0moradores de Bras\u00edlia (DF), por exemplo, depararam-se com um reajuste de at\u00e9 R$ 0,50 no pre\u00e7o do litro da gasolina.<\/p>\n<p>De acordo com alega\u00e7\u00e3o dos postos, os novos n\u00fameros j\u00e1 eram resultado de dois aumentos, que haviam somado 2,24%, autorizados pela Petrobras anteriormente.\u00a0\u00daltimo levantamento feito pela\u00a0Ag\u00eancia Nacional do Petr\u00f3leo\u00a0(ANP), na semana de\u00a024\u00a0a 30 de junho, em postos de todo o Brasil o valor do litro da gasolina variou entre R$ 4,19, R$ 4,43 e R$ 4,89.<\/p>\n<p><strong>CARIRI EM A\u00c7\u00c3O<\/strong><\/p>\n<p>Com \u00a0Metr\u00f3poles\/Foto: Reprodu\u00e7\u00e3o Internet<\/p>\n<p>Leia mais not\u00edcias em\u00a0<a href=\"http:\/\/www.caririemacao.com\/\">caririemacao.com<\/a>, siga nossa p\u00e1gina no\u00a0<a href=\"https:\/\/www.facebook.com\/CaririEmAcao\/?ref=aymt_homepage_panel\">Facebook<\/a>,\u00a0<a href=\"https:\/\/www.instagram.com\/cariri_em_acao\/?hl=pt-br\">Instagram<\/a>\u00a0e <a href=\"https:\/\/www.youtube.com\/channel\/UCAptA0jQuYQy8vMhLt2m4qg\">Youtube<\/a>\u00a0e veja nossas mat\u00e9rias, v\u00eddeos e fotos. Voc\u00ea tamb\u00e9m pode enviar informa\u00e7\u00f5es \u00e0 Reda\u00e7\u00e3o do Portal Cariri em A\u00e7\u00e3o pelo WhatsApp (83) 9 9634.5791, (83) 9 9601-1162.<\/p>\n","protected":false},"excerpt":{"rendered":"<p>A partir deste s\u00e1bado (7), a gasolina ter\u00e1 reajuste de 1,07% nas refinarias da estatal e passar\u00e1 a custar R$ 2,0249 por litro.\u00a0A Petrobras anunciou&hellip; <\/p>\n","protected":false},"author":1,"featured_media":37160,"comment_status":"closed","ping_status":"closed","sticky":false,"template":"","format":"standard","meta":{"sfsi_plus_gutenberg_text_before_share":"","sfsi_plus_gutenberg_show_text_before_share":"","sfsi_plus_gutenberg_icon_type":"","sfsi_plus_gutenberg_icon_alignemt":"","sfsi_plus_gutenburg_max_per_row":"","footnotes":""},"categories":[2],"tags":[],"class_list":["post-56484","post","type-post","status-publish","format-standard","has-post-thumbnail","hentry","category-geral"],"_links":{"self":[{"href":"https:\/\/www.caririemacao.com\/1\/wp-json\/wp\/v2\/posts\/56484","targetHints":{"allow":["GET"]}}],"collection":[{"href":"https:\/\/www.caririemacao.com\/1\/wp-json\/wp\/v2\/posts"}],"about":[{"href":"https:\/\/www.caririemacao.com\/1\/wp-json\/wp\/v2\/types\/post"}],"author":[{"embeddable":true,"href":"https:\/\/www.caririemacao.com\/1\/wp-json\/wp\/v2\/users\/1"}],"replies":[{"embeddable":true,"href":"https:\/\/www.caririemacao.com\/1\/wp-json\/wp\/v2\/comments?post=56484"}],"version-history":[{"count":1,"href":"https:\/\/www.caririemacao.com\/1\/wp-json\/wp\/v2\/posts\/56484\/revisions"}],"predecessor-version":[{"id":56485,"href":"https:\/\/www.caririemacao.com\/1\/wp-json\/wp\/v2\/posts\/56484\/revisions\/56485"}],"wp:featuredmedia":[{"embeddable":true,"href":"https:\/\/www.caririemacao.com\/1\/wp-json\/wp\/v2\/media\/37160"}],"wp:attachment":[{"href":"https:\/\/www.caririemacao.com\/1\/wp-json\/wp\/v2\/media?parent=56484"}],"wp:term":[{"taxonomy":"category","embeddable":true,"href":"https:\/\/www.caririemacao.com\/1\/wp-json\/wp\/v2\/categories?post=56484"},{"taxonomy":"post_tag","embeddable":true,"href":"https:\/\/www.caririemacao.com\/1\/wp-json\/wp\/v2\/tags?post=56484"}],"curies":[{"name":"wp","href":"https:\/\/api.w.org\/{rel}","templated":true}]}}