{"id":56489,"date":"2018-07-06T19:21:48","date_gmt":"2018-07-06T22:21:48","guid":{"rendered":"http:\/\/caririemacao.com\/1\/?p=56489"},"modified":"2018-07-06T19:21:48","modified_gmt":"2018-07-06T22:21:48","slug":"gleise-hoffmann-vem-a-paraiba-implorar-apoio-de-ricardo-ao-pt","status":"publish","type":"post","link":"https:\/\/www.caririemacao.com\/1\/2018\/07\/06\/gleise-hoffmann-vem-a-paraiba-implorar-apoio-de-ricardo-ao-pt\/","title":{"rendered":"Gleise Hoffmann vem \u00e0 Para\u00edba \u2018implorar\u2019 apoio de Ricardo ao PT"},"content":{"rendered":"<p>A presidente da executiva nacional do PT, Gleise Hoffmann, estar\u00e1 na Para\u00edba na pr\u00f3xima semana para ter uma audi\u00eancia com o governador Ricardo Coutinho (PSB) na tentativa de arrancar a certeza de apoio do socialista \u00e0 campanha petista.<\/p>\n<p>Al\u00e9m do estado, a senadora tamb\u00e9m estar\u00e1 em Pernambuco para dialogar com o governador Paulo C\u00e2mara (PSB).<\/p>\n<p>Aqui, o Partido dos Trabalhadores, apesar de sinalizar apoio a Jo\u00e3o Azev\u00eado, segue indefinido sobre a alian\u00e7a que ir\u00e1 fechar. As conversas, inclusive, foram abertas com o PDT, que tem a vice-governadora L\u00edgia Feliciano como pr\u00e9-candidata.<\/p>\n<p>No estado vizinho, h\u00e1 a expectativa de recuo do PT, que tem a pr\u00e9-candidatura da vereadora Mar\u00edlia Arraes, para apoio \u00e0 reelei\u00e7\u00e3o de C\u00e2mara.<\/p>\n<p>Nessa semana, Coutinho chegou a dar sinais de que iria apoiar a candidatura de Ciro Gomes, do PDT.<\/p>\n<p><strong>CARIRI EM A\u00c7\u00c3O<\/strong><\/p>\n<p>Com MaisPB\/Foto: Reprodu\u00e7\u00e3o Internet<\/p>\n<p>Leia mais not\u00edcias em\u00a0<a href=\"http:\/\/www.caririemacao.com\/\">caririemacao.com<\/a>, siga nossa p\u00e1gina no\u00a0<a href=\"https:\/\/www.facebook.com\/CaririEmAcao\/?ref=aymt_homepage_panel\">Facebook<\/a>,\u00a0<a href=\"https:\/\/www.instagram.com\/cariri_em_acao\/?hl=pt-br\">Instagram<\/a>\u00a0e <a href=\"https:\/\/www.youtube.com\/channel\/UCAptA0jQuYQy8vMhLt2m4qg\">Youtube<\/a>\u00a0e veja nossas mat\u00e9rias, v\u00eddeos e fotos. Voc\u00ea tamb\u00e9m pode enviar informa\u00e7\u00f5es \u00e0 Reda\u00e7\u00e3o do Portal Cariri em A\u00e7\u00e3o pelo WhatsApp (83) 9 9634.5791, (83) 9 9601-1162.<\/p>\n","protected":false},"excerpt":{"rendered":"<p>A presidente da executiva nacional do PT, Gleise Hoffmann, estar\u00e1 na Para\u00edba na pr\u00f3xima semana para ter uma audi\u00eancia com o governador Ricardo Coutinho (PSB)&hellip; <\/p>\n","protected":false},"author":1,"featured_media":56490,"comment_status":"closed","ping_status":"closed","sticky":false,"template":"","format":"standard","meta":{"sfsi_plus_gutenberg_text_before_share":"","sfsi_plus_gutenberg_show_text_before_share":"","sfsi_plus_gutenberg_icon_type":"","sfsi_plus_gutenberg_icon_alignemt":"","sfsi_plus_gutenburg_max_per_row":"","footnotes":""},"categories":[11],"tags":[],"class_list":["post-56489","post","type-post","status-publish","format-standard","has-post-thumbnail","hentry","category-politica"],"_links":{"self":[{"href":"https:\/\/www.caririemacao.com\/1\/wp-json\/wp\/v2\/posts\/56489","targetHints":{"allow":["GET"]}}],"collection":[{"href":"https:\/\/www.caririemacao.com\/1\/wp-json\/wp\/v2\/posts"}],"about":[{"href":"https:\/\/www.caririemacao.com\/1\/wp-json\/wp\/v2\/types\/post"}],"author":[{"embeddable":true,"href":"https:\/\/www.caririemacao.com\/1\/wp-json\/wp\/v2\/users\/1"}],"replies":[{"embeddable":true,"href":"https:\/\/www.caririemacao.com\/1\/wp-json\/wp\/v2\/comments?post=56489"}],"version-history":[{"count":1,"href":"https:\/\/www.caririemacao.com\/1\/wp-json\/wp\/v2\/posts\/56489\/revisions"}],"predecessor-version":[{"id":56491,"href":"https:\/\/www.caririemacao.com\/1\/wp-json\/wp\/v2\/posts\/56489\/revisions\/56491"}],"wp:featuredmedia":[{"embeddable":true,"href":"https:\/\/www.caririemacao.com\/1\/wp-json\/wp\/v2\/media\/56490"}],"wp:attachment":[{"href":"https:\/\/www.caririemacao.com\/1\/wp-json\/wp\/v2\/media?parent=56489"}],"wp:term":[{"taxonomy":"category","embeddable":true,"href":"https:\/\/www.caririemacao.com\/1\/wp-json\/wp\/v2\/categories?post=56489"},{"taxonomy":"post_tag","embeddable":true,"href":"https:\/\/www.caririemacao.com\/1\/wp-json\/wp\/v2\/tags?post=56489"}],"curies":[{"name":"wp","href":"https:\/\/api.w.org\/{rel}","templated":true}]}}