{"id":56492,"date":"2018-07-06T19:24:19","date_gmt":"2018-07-06T22:24:19","guid":{"rendered":"http:\/\/caririemacao.com\/1\/?p=56492"},"modified":"2018-07-06T19:24:19","modified_gmt":"2018-07-06T22:24:19","slug":"comerciante-morre-em-grave-acidente-de-carro-no-sertao","status":"publish","type":"post","link":"https:\/\/www.caririemacao.com\/1\/2018\/07\/06\/comerciante-morre-em-grave-acidente-de-carro-no-sertao\/","title":{"rendered":"Comerciante morre em grave acidente de carro no Sert\u00e3o"},"content":{"rendered":"<p>Um grave acidente de tr\u00e2nsito, registrado na manh\u00e3 desta sexta-feira (6), pr\u00f3ximo ao munic\u00edpio de Paulista, no Sert\u00e3o do Estado. O comerciante Jos\u00e9 Ant\u00f4nio da Silva morreu ao colidir numa ponte num carro de cor branca.<\/p>\n<p>De acordo com informa\u00e7\u00f5es da Pol\u00edcia Militar, Jos\u00e9 seguia no ve\u00edculo com destino \u00e0 cidade. Ao chegar pr\u00f3ximo ao S\u00edtio Saco do Andr\u00e9, perdeu o controle do volante do carro, capotou e bateu na mureta de uma ponte.<\/p>\n<p>Com o impacto, a v\u00edtima foi arremessada a alguns metros e os pneus traseiros foram arrancados do ve\u00edculo. A pol\u00edcia est\u00e1 investigando as causas do acidente de tr\u00e2nsito.<\/p>\n<p>A PM esteve no local, isolando a \u00e1rea do acidente e o corpo foi encaminhado para o N\u00facleo de Medicina e Odontologia Legal (NUMOL) da cidade de Patos, para a realiza\u00e7\u00e3o de exame cadav\u00e9rico.<\/p>\n<p><strong>CARIRI EM A\u00c7\u00c3O<\/strong><\/p>\n<p>Com <em>Di\u00e1rio do Sert\u00e3o<\/em>\/Foto: Reprodu\u00e7\u00e3o Internet<\/p>\n<p>Leia mais not\u00edcias em\u00a0<a href=\"http:\/\/www.caririemacao.com\/\">caririemacao.com<\/a>, siga nossa p\u00e1gina no\u00a0<a href=\"https:\/\/www.facebook.com\/CaririEmAcao\/?ref=aymt_homepage_panel\">Facebook<\/a>,\u00a0<a href=\"https:\/\/www.instagram.com\/cariri_em_acao\/?hl=pt-br\">Instagram<\/a>\u00a0e <a href=\"https:\/\/www.youtube.com\/channel\/UCAptA0jQuYQy8vMhLt2m4qg\">Youtube<\/a>\u00a0e veja nossas mat\u00e9rias, v\u00eddeos e fotos. Voc\u00ea tamb\u00e9m pode enviar informa\u00e7\u00f5es \u00e0 Reda\u00e7\u00e3o do Portal Cariri em A\u00e7\u00e3o pelo WhatsApp (83) 9 9634.5791, (83) 9 9601-1162.<\/p>\n","protected":false},"excerpt":{"rendered":"<p>Um grave acidente de tr\u00e2nsito, registrado na manh\u00e3 desta sexta-feira (6), pr\u00f3ximo ao munic\u00edpio de Paulista, no Sert\u00e3o do Estado. O comerciante Jos\u00e9 Ant\u00f4nio da&hellip; <\/p>\n","protected":false},"author":1,"featured_media":56493,"comment_status":"closed","ping_status":"closed","sticky":false,"template":"","format":"standard","meta":{"sfsi_plus_gutenberg_text_before_share":"","sfsi_plus_gutenberg_show_text_before_share":"","sfsi_plus_gutenberg_icon_type":"","sfsi_plus_gutenberg_icon_alignemt":"","sfsi_plus_gutenburg_max_per_row":"","footnotes":""},"categories":[12],"tags":[],"class_list":["post-56492","post","type-post","status-publish","format-standard","has-post-thumbnail","hentry","category-policia"],"_links":{"self":[{"href":"https:\/\/www.caririemacao.com\/1\/wp-json\/wp\/v2\/posts\/56492","targetHints":{"allow":["GET"]}}],"collection":[{"href":"https:\/\/www.caririemacao.com\/1\/wp-json\/wp\/v2\/posts"}],"about":[{"href":"https:\/\/www.caririemacao.com\/1\/wp-json\/wp\/v2\/types\/post"}],"author":[{"embeddable":true,"href":"https:\/\/www.caririemacao.com\/1\/wp-json\/wp\/v2\/users\/1"}],"replies":[{"embeddable":true,"href":"https:\/\/www.caririemacao.com\/1\/wp-json\/wp\/v2\/comments?post=56492"}],"version-history":[{"count":1,"href":"https:\/\/www.caririemacao.com\/1\/wp-json\/wp\/v2\/posts\/56492\/revisions"}],"predecessor-version":[{"id":56494,"href":"https:\/\/www.caririemacao.com\/1\/wp-json\/wp\/v2\/posts\/56492\/revisions\/56494"}],"wp:featuredmedia":[{"embeddable":true,"href":"https:\/\/www.caririemacao.com\/1\/wp-json\/wp\/v2\/media\/56493"}],"wp:attachment":[{"href":"https:\/\/www.caririemacao.com\/1\/wp-json\/wp\/v2\/media?parent=56492"}],"wp:term":[{"taxonomy":"category","embeddable":true,"href":"https:\/\/www.caririemacao.com\/1\/wp-json\/wp\/v2\/categories?post=56492"},{"taxonomy":"post_tag","embeddable":true,"href":"https:\/\/www.caririemacao.com\/1\/wp-json\/wp\/v2\/tags?post=56492"}],"curies":[{"name":"wp","href":"https:\/\/api.w.org\/{rel}","templated":true}]}}