{"id":56495,"date":"2018-07-06T19:28:15","date_gmt":"2018-07-06T22:28:15","guid":{"rendered":"http:\/\/caririemacao.com\/1\/?p=56495"},"modified":"2018-07-06T19:28:15","modified_gmt":"2018-07-06T22:28:15","slug":"cerca-de-2-milhoes-de-mesarios-devem-participar-das-eleicoes-deste-ano","status":"publish","type":"post","link":"https:\/\/www.caririemacao.com\/1\/2018\/07\/06\/cerca-de-2-milhoes-de-mesarios-devem-participar-das-eleicoes-deste-ano\/","title":{"rendered":"Cerca de 2 milh\u00f5es de mes\u00e1rios devem participar das elei\u00e7\u00f5es deste ano"},"content":{"rendered":"<p>O calend\u00e1rio das elei\u00e7\u00f5es de 2018 prev\u00ea, a partir desta secta-feira (06), a nomea\u00e7\u00e3o dos membros das mesas receptoras e do pessoal de apoio log\u00edstico para o primeiro e segundo turnos do pleito\u00a0de outubro. O prazo final para a nomea\u00e7\u00e3o \u00e9\u00a08 de agosto, e os atos t\u00eam que ser publicados no Di\u00e1rio da Justi\u00e7a Eletr\u00f4nico, nas capitais, ou afixados nos cart\u00f3rios eleitorais, nas demais cidades. A expectativa do Tribunal Superior Eleitoral (TSE) \u00e9 que cerca de 2 milh\u00f5es de pessoas atuem nas mesas receptoras nas elei\u00e7\u00f5es deste ano.<\/p>\n<p>Em sua conta no Twitter, o TSE fez uma chamada aos eleitores para refor\u00e7arem a equipe que vai trabalhar nas elei\u00e7\u00f5es. \u201cA for\u00e7a de trabalho fica ainda mais forte quando existe um bom motivo: a DEMOCRACIA! E este time sempre ganha. Ele faz a democracia acontecer!\u201d, diz o post, seguido da hashtag \u201cVem ser mes\u00e1rio\u201d.<\/p>\n<div class=\"content-section content\">\n<p><strong>Regras<\/strong><\/p>\n<p>Eleitores a partir dos 18 anos em situa\u00e7\u00e3o regular podem ser convocados para trabalhar no dia da vota\u00e7\u00e3o, com exce\u00e7\u00e3o dos candidatos e seus parentes consangu\u00edneos e por afinidade at\u00e9 segundo grau. Tamb\u00e9m n\u00e3o podem ser mes\u00e1rios os integrantes dos diret\u00f3rios de partidos que exer\u00e7am fun\u00e7\u00e3o executiva, os policiais, os funcion\u00e1rios com cargos de confian\u00e7a do Executivo e os integrantes do servi\u00e7o eleitoral.<\/p>\n<\/div>\n<div class=\"content-section\">\n<div class=\"addthis_sharing_toolbox\" data-url=\"https:\/\/istoe.com.br\/cerca-de-2-milhoes-de-mesarios-devem-participar-das-eleicoes-deste-ano\/\" data-title=\"Cerca de 2 milh\u00f5es de mes\u00e1rios devem participar das elei\u00e7\u00f5es deste ano - ISTO\u00c9 Independente\" data-description=\"O calend\u00e1rio das elei\u00e7\u00f5es de 2018 prev\u00ea, a partir de\u00a0hoje (6), a nomea\u00e7\u00e3o dos membros das mesas receptoras e do pessoal de apoio log\u00edstico para o primeiro e segundo turnos do pleito\u00a0de outubro. O prazo final para a nomea\u00e7\u00e3o \u00e9\u00a08 de agosto, e os atos t\u00eam que ser publicados no Di\u00e1rio da Justi\u00e7a Eletr\u00f4nico, nas \u2026\">\n<div id=\"atstbx2\" class=\"at-resp-share-element at-style-responsive addthis-smartlayers addthis-animated at4-show\" role=\"region\" aria-labelledby=\"at-e79b5a2c-7eb5-4153-a907-ef36dddc6398\">\n<p>As mesas s\u00e3o formadas por presidente, primeiro e segundo mes\u00e1rios, dois secret\u00e1rios e um suplente. Cabe aos membros das mesas receptoras organizar os trabalhos das se\u00e7\u00f5es eleitorais do in\u00edcio da vota\u00e7\u00e3o (8h) at\u00e9 o encerramento (17h). Eles recebem o eleitor, colhem e conferem a assinatura e liberam a urna para o voto. Na se\u00e7\u00e3o eleitoral, o presidente \u00e9 a autoridade m\u00e1xima, respons\u00e1vel pelo sigilo do voto de cada eleitor e pela tranquilidade da vota\u00e7\u00e3o, al\u00e9m de zelar pela seguran\u00e7a da urna eletr\u00f4nica durante todo o processo.<\/p>\n<p><strong>CARIRI EM A\u00c7\u00c3O<\/strong><\/p>\n<p>Com Ag\u00eancia Brasil\/Foto: Reprodu\u00e7\u00e3o Internet<\/p>\n<p>Leia mais not\u00edcias em\u00a0<a href=\"http:\/\/www.caririemacao.com\/\">caririemacao.com<\/a>, siga nossa p\u00e1gina no\u00a0<a href=\"https:\/\/www.facebook.com\/CaririEmAcao\/?ref=aymt_homepage_panel\">Facebook<\/a>,\u00a0<a href=\"https:\/\/www.instagram.com\/cariri_em_acao\/?hl=pt-br\">Instagram<\/a>\u00a0e <a href=\"https:\/\/www.youtube.com\/channel\/UCAptA0jQuYQy8vMhLt2m4qg\">Youtube<\/a>\u00a0e veja nossas mat\u00e9rias, v\u00eddeos e fotos. Voc\u00ea tamb\u00e9m pode enviar informa\u00e7\u00f5es \u00e0 Reda\u00e7\u00e3o do Portal Cariri em A\u00e7\u00e3o pelo WhatsApp (83) 9 9634.5791, (83) 9 9601-1162.<\/p>\n<\/div>\n<\/div>\n<\/div>\n","protected":false},"excerpt":{"rendered":"<p>O calend\u00e1rio das elei\u00e7\u00f5es de 2018 prev\u00ea, a partir desta secta-feira (06), a nomea\u00e7\u00e3o dos membros das mesas receptoras e do pessoal de apoio log\u00edstico&hellip; <\/p>\n","protected":false},"author":1,"featured_media":42648,"comment_status":"closed","ping_status":"closed","sticky":false,"template":"","format":"standard","meta":{"sfsi_plus_gutenberg_text_before_share":"","sfsi_plus_gutenberg_show_text_before_share":"","sfsi_plus_gutenberg_icon_type":"","sfsi_plus_gutenberg_icon_alignemt":"","sfsi_plus_gutenburg_max_per_row":"","footnotes":""},"categories":[2],"tags":[],"class_list":["post-56495","post","type-post","status-publish","format-standard","has-post-thumbnail","hentry","category-geral"],"_links":{"self":[{"href":"https:\/\/www.caririemacao.com\/1\/wp-json\/wp\/v2\/posts\/56495","targetHints":{"allow":["GET"]}}],"collection":[{"href":"https:\/\/www.caririemacao.com\/1\/wp-json\/wp\/v2\/posts"}],"about":[{"href":"https:\/\/www.caririemacao.com\/1\/wp-json\/wp\/v2\/types\/post"}],"author":[{"embeddable":true,"href":"https:\/\/www.caririemacao.com\/1\/wp-json\/wp\/v2\/users\/1"}],"replies":[{"embeddable":true,"href":"https:\/\/www.caririemacao.com\/1\/wp-json\/wp\/v2\/comments?post=56495"}],"version-history":[{"count":1,"href":"https:\/\/www.caririemacao.com\/1\/wp-json\/wp\/v2\/posts\/56495\/revisions"}],"predecessor-version":[{"id":56496,"href":"https:\/\/www.caririemacao.com\/1\/wp-json\/wp\/v2\/posts\/56495\/revisions\/56496"}],"wp:featuredmedia":[{"embeddable":true,"href":"https:\/\/www.caririemacao.com\/1\/wp-json\/wp\/v2\/media\/42648"}],"wp:attachment":[{"href":"https:\/\/www.caririemacao.com\/1\/wp-json\/wp\/v2\/media?parent=56495"}],"wp:term":[{"taxonomy":"category","embeddable":true,"href":"https:\/\/www.caririemacao.com\/1\/wp-json\/wp\/v2\/categories?post=56495"},{"taxonomy":"post_tag","embeddable":true,"href":"https:\/\/www.caririemacao.com\/1\/wp-json\/wp\/v2\/tags?post=56495"}],"curies":[{"name":"wp","href":"https:\/\/api.w.org\/{rel}","templated":true}]}}