{"id":56499,"date":"2018-07-06T19:49:29","date_gmt":"2018-07-06T22:49:29","guid":{"rendered":"http:\/\/caririemacao.com\/1\/?p=56499"},"modified":"2018-07-06T19:49:29","modified_gmt":"2018-07-06T22:49:29","slug":"em-jantar-com-alckmin-centrao-indica-apoio-a-ciro","status":"publish","type":"post","link":"https:\/\/www.caririemacao.com\/1\/2018\/07\/06\/em-jantar-com-alckmin-centrao-indica-apoio-a-ciro\/","title":{"rendered":"Em jantar com Alckmin, Centr\u00e3o indica apoio a Ciro"},"content":{"rendered":"<p>Sob o argumento de que o desgaste do PSDB ap\u00f3s a Lava Jato atrapalha as alian\u00e7as, dirigentes do Centr\u00e3o \u2013 hoje rebatizado de bloc\u00e3o \u2013 indicaram ao pr\u00e9-candidato tucano \u00e0 Presid\u00eancia, Geraldo Alckmin, que est\u00e3o mais propensos a apoiar Ciro Gomes (PDT). Mesmo assim, n\u00e3o bateram o martelo sobre o aval a nenhum concorrente e ainda h\u00e1 divis\u00f5es no grupo, principalmente na seara do DEM.<\/p>\n<p>Embora nomes do Centr\u00e3o tamb\u00e9m sejam investigados, a explica\u00e7\u00e3o dada a Alckmin para a falta de entusiasmo com sua campanha, na noite desta quarta-feira, 4, foi a de que o PSDB amarga \u00edndices de rejei\u00e7\u00e3o maiores do que os do PT.<\/p>\n<p>Em jantar de tr\u00eas horas, presidentes dos partidos que comp\u00f5em o bloco formado por DEM, PP, PRB, Solidariedade e PSC mostraram ao ex-governador de S\u00e3o Paulo preocupa\u00e7\u00e3o com o seu imobilismo nas pesquisas. At\u00e9 agora, Alckmin apresenta \u00edndices que variam de 4% a 6% das inten\u00e7\u00f5es de voto.<\/p>\n<p>Deputados e senadores fizeram uma esp\u00e9cie de sabatina com Alckmin na sede do PRB, onde foi realizado o encontro. Perguntaram a ele, por exemplo, sobre a possibilidade de substitui\u00e7\u00e3o de seu nome na chapa pelo do ex-prefeito Jo\u00e3o Doria, hoje pr\u00e9-candidato do PSDB ao Pal\u00e1cio dos Bandeirantes. Lembraram que h\u00e1 articula\u00e7\u00f5es para isso nos bastidores, dentro do seu pr\u00f3prio partido, com a simpatia do Pal\u00e1cio do Planalto e da c\u00fapula do MDB.<\/p>\n<p>Presidente do PSDB, Alckmin assegurou n\u00e3o haver hip\u00f3tese de troca, mas n\u00e3o escondeu a contrariedade com esse movimento. Disse j\u00e1 ter apoio de quatro partidos (PTB, PSD, PPS e PV) e demonstrou confian\u00e7a em seu crescimento quando se iniciar o hor\u00e1rio eleitoral. \u201cA campanha come\u00e7a em 31 de agosto, com a propaganda na TV e no r\u00e1dio. Tem gente que ainda acha que sou governador de S\u00e3o Paulo\u201d, afirmou ele.<\/p>\n<p>Rec\u00e9m-sa\u00edda do forno, uma pesquisa do DEM apresentada ali serviu de muni\u00e7\u00e3o para os que j\u00e1 pareciam decididos a n\u00e3o chancelar o tucano, como o presidente do PP, senador Ciro Nogueira (PI). Segundo o levantamento, a rejei\u00e7\u00e3o de Alckmin aumentou por causa do PSDB e seu desempenho est\u00e1 aqu\u00e9m das expectativas at\u00e9 mesmo em S\u00e3o Paulo, Estado que ele administrou por quase 14 anos e maior col\u00e9gio eleitoral do Pa\u00eds.<\/p>\n<p><b>Estrat\u00e9gia<\/b><\/p>\n<p>Os interlocutores do ex-governador quiseram saber qual seria a estrat\u00e9gia para resolver esse problema. \u201cExpusemos todas as nossas preocupa\u00e7\u00f5es, sem vetos nem embargos\u201d, resumiu o presidente do DEM, ACM Neto, que tamb\u00e9m \u00e9 prefeito de Salvador.<\/p>\n<p>Alckmin respondeu que um amplo arco de alian\u00e7as far\u00e1 diferen\u00e7a na disputa. Disse que formou a melhor equipe e reiterou estar disposto a integrar todos na campanha e num eventual governo. Admitiu at\u00e9 mesmo ter um vice do Centr\u00e3o em sua chapa. At\u00e9 agora, foram cogitados para a vaga os ex-ministros Aldo Rebelo, pr\u00e9-candidato \u00e0 Presid\u00eancia pelo Solidariedade; Mendon\u00e7a Filho (DEM-PE), hoje deputado, e a senadora Ana Am\u00e9lia (PP-RS).<\/p>\n<p>Doria almo\u00e7ou nesta quinta-feira, 5, com o presidente do PPS, Roberto Freire, em S\u00e3o Paulo. O PPS pressiona Alckmin a adotar estilo mais agressivo para alavancar a campanha. \u00c0 noite, o ex-prefeito divulgou nota negando que queira tomar o lugar do padrinho pol\u00edtico. \u201cAqueles que dizem o contr\u00e1rio s\u00f3 querem mal \u00e0 candidatura do Geraldo e \u00e0 minha\u201d, insistiu Doria.<\/p>\n<p>Em Bras\u00edlia, o presidente da C\u00e2mara, Rodrigo Maia (DEM-RJ), chegou no fim do jantar com Alckmin. Diante dos colegas, exp\u00f4s com todas as letras as dificuldades que v\u00ea para o casamento com o PSDB. Cobrou, ainda, o apoio dos tucanos a candidatos do DEM em outros Estados, como o Rio.<\/p>\n<p>Maia tamb\u00e9m engrossava a lista dos postulantes ao Planalto, mas j\u00e1 avisou que sair\u00e1 do p\u00e1reo. Disputar\u00e1 mais um mandato de deputado e pretende comandar novamente a C\u00e2mara, a partir de 2019, com aval do Centr\u00e3o.<\/p>\n<p>De todos os representantes do bloco, apenas o presidente do PRB, Marcos Pereira \u2013 ex-ministro da Ind\u00fastria e Com\u00e9rcio Exterior do governo de Michel Temer \u2013 demonstrou algum interesse na composi\u00e7\u00e3o com Alckmin. Atualmente, o pr\u00e9-candidato do PRB ao Planalto \u00e9 o empres\u00e1rio Fl\u00e1vio Rocha.<\/p>\n<p>O grupo marcou novo encontro para quarta-feira, com o objetivo de resolver as \u00faltimas pend\u00eancias para a escolha do candidato. A ideia \u00e9 anunciar quem o bloco apoiar\u00e1 at\u00e9 dia 20, mas pode haver racha.<\/p>\n<p>Apesar de a c\u00fapula do DEM dar sinais de ades\u00e3o a Ciro, a maioria da bancada na C\u00e2mara prefere Alckmin. O deputado Rodrigo Garcia (SP), l\u00edder do DEM e ex-secret\u00e1rio de Alckmin, ser\u00e1 vice na chapa de Doria e \u00e9 um dos maiores defensores da uni\u00e3o nacional entre os dois partidos. As informa\u00e7\u00f5es s\u00e3o do jornal O Estado de S. Paulo.<\/p>\n<p><strong>CARIRI EM A\u00c7\u00c3O<\/strong><\/p>\n<p>Com Portal\u00a0Exame\/Foto: Reprodu\u00e7\u00e3o Internet<\/p>\n<p>Leia mais not\u00edcias em\u00a0<a href=\"http:\/\/www.caririemacao.com\/\">caririemacao.com<\/a>, siga nossa p\u00e1gina no\u00a0<a href=\"https:\/\/www.facebook.com\/CaririEmAcao\/?ref=aymt_homepage_panel\">Facebook<\/a>,\u00a0<a href=\"https:\/\/www.instagram.com\/cariri_em_acao\/?hl=pt-br\">Instagram<\/a>\u00a0e <a href=\"https:\/\/www.youtube.com\/channel\/UCAptA0jQuYQy8vMhLt2m4qg\">Youtube<\/a>\u00a0e veja nossas mat\u00e9rias, v\u00eddeos e fotos. Voc\u00ea tamb\u00e9m pode enviar informa\u00e7\u00f5es \u00e0 Reda\u00e7\u00e3o do Portal Cariri em A\u00e7\u00e3o pelo WhatsApp (83) 9 9634.5791, (83) 9 9601-1162.<\/p>\n","protected":false},"excerpt":{"rendered":"<p>Sob o argumento de que o desgaste do PSDB ap\u00f3s a Lava Jato atrapalha as alian\u00e7as, dirigentes do Centr\u00e3o \u2013 hoje rebatizado de bloc\u00e3o \u2013&hellip; <\/p>\n","protected":false},"author":1,"featured_media":56510,"comment_status":"closed","ping_status":"closed","sticky":false,"template":"","format":"standard","meta":{"sfsi_plus_gutenberg_text_before_share":"","sfsi_plus_gutenberg_show_text_before_share":"","sfsi_plus_gutenberg_icon_type":"","sfsi_plus_gutenberg_icon_alignemt":"","sfsi_plus_gutenburg_max_per_row":"","footnotes":""},"categories":[11],"tags":[],"class_list":["post-56499","post","type-post","status-publish","format-standard","has-post-thumbnail","hentry","category-politica"],"_links":{"self":[{"href":"https:\/\/www.caririemacao.com\/1\/wp-json\/wp\/v2\/posts\/56499","targetHints":{"allow":["GET"]}}],"collection":[{"href":"https:\/\/www.caririemacao.com\/1\/wp-json\/wp\/v2\/posts"}],"about":[{"href":"https:\/\/www.caririemacao.com\/1\/wp-json\/wp\/v2\/types\/post"}],"author":[{"embeddable":true,"href":"https:\/\/www.caririemacao.com\/1\/wp-json\/wp\/v2\/users\/1"}],"replies":[{"embeddable":true,"href":"https:\/\/www.caririemacao.com\/1\/wp-json\/wp\/v2\/comments?post=56499"}],"version-history":[{"count":1,"href":"https:\/\/www.caririemacao.com\/1\/wp-json\/wp\/v2\/posts\/56499\/revisions"}],"predecessor-version":[{"id":56511,"href":"https:\/\/www.caririemacao.com\/1\/wp-json\/wp\/v2\/posts\/56499\/revisions\/56511"}],"wp:featuredmedia":[{"embeddable":true,"href":"https:\/\/www.caririemacao.com\/1\/wp-json\/wp\/v2\/media\/56510"}],"wp:attachment":[{"href":"https:\/\/www.caririemacao.com\/1\/wp-json\/wp\/v2\/media?parent=56499"}],"wp:term":[{"taxonomy":"category","embeddable":true,"href":"https:\/\/www.caririemacao.com\/1\/wp-json\/wp\/v2\/categories?post=56499"},{"taxonomy":"post_tag","embeddable":true,"href":"https:\/\/www.caririemacao.com\/1\/wp-json\/wp\/v2\/tags?post=56499"}],"curies":[{"name":"wp","href":"https:\/\/api.w.org\/{rel}","templated":true}]}}