{"id":56529,"date":"2018-07-07T06:22:36","date_gmt":"2018-07-07T09:22:36","guid":{"rendered":"http:\/\/caririemacao.com\/1\/?p=56529"},"modified":"2018-07-07T06:22:36","modified_gmt":"2018-07-07T09:22:36","slug":"ministerio-publico-do-rio-vai-investigar-encontro-de-crivella-com-pastores","status":"publish","type":"post","link":"https:\/\/www.caririemacao.com\/1\/2018\/07\/07\/ministerio-publico-do-rio-vai-investigar-encontro-de-crivella-com-pastores\/","title":{"rendered":"Minist\u00e9rio P\u00fablico do Rio vai investigar encontro de Crivella com pastores"},"content":{"rendered":"<p>O Minist\u00e9rio P\u00fablico do Rio vai investigar o evento promovido pelo prefeito do Rio,\u00a0<strong>Marcelo Crivella (PRB)<\/strong>, no Pal\u00e1cio da Cidade, sede da Prefeitura, em que ofereceu facilidades a pastores e l\u00edderes de igrejas. No evento, divulgado pelo jornal\u00a0<em>O Globo<\/em>, Crivella ofereceu aux\u00edlio em cirurgias de cataratas e varizes para fi\u00e9is e assist\u00eancia a pastores que tivessem problemas de IPTU em seus templos. Al\u00e9m disso, exaltou o pr\u00e9-candidato a deputado federal pelo PRB, Rubens Teixeira.<\/p>\n<p>O MP informou que a coordena\u00e7\u00e3o das promotorias de Justi\u00e7a da Cidadania vai analisar se houve \u201cinobserv\u00e2ncia da laicidade do Estado\u201d, conferindo tratamento privilegiado aos fi\u00e9is de um determinado segmento religioso \u2013 o que \u00e9 proibido pela Constitui\u00e7\u00e3o e pode, em tese, configurar improbidade administrativa. As falas de Crivella tamb\u00e9m ser\u00e3o analisadas pela Coordena\u00e7\u00e3o de Sa\u00fade do MP, para a fiscaliza\u00e7\u00e3o da pol\u00edtica de regula\u00e7\u00e3o do Sistema \u00danico de Sa\u00fade (SUS).<\/p>\n<h3 class=\"intertitulo\">Entenda o caso<\/h3>\n<p>O prefeito (PRB) promoveu um encontro reservado no Pal\u00e1cio da Cidade, sede da Prefeitura, na \u00faltima quarta-feira, 4, com pastores e l\u00edderes religiosos. Segundo\u00a0<em>O Globo<\/em>, os organizadores chegaram a pedir que os participantes n\u00e3o registrassem o encontro. Al\u00e9m disso, solicitaram reivindica\u00e7\u00f5es por escrito, rela\u00e7\u00f5es de suas igrejas e n\u00famero de fi\u00e9is.<\/p>\n<p>Crivella, que \u00e9 bispo licenciado da Igreja Universal, discursou por mais de uma hora e exaltou o pr\u00e9-candidato a deputado federal pelo PRB, Rubens Teixeira. A reportagem divulgou \u00e1udios do encontro. Em um deles, Crivella diz que, se \u201cos irm\u00e3os\u201d tivessem algu\u00e9m na igreja com problema de catarata era s\u00f3 procurar um de seus assessores.<\/p>\n<p>\u201c\u00c9 s\u00f3 conversar com a M\u00e1rcia que ela vai anotar, vai encaminhar e, daqui a uma semana ou duas, eles est\u00e3o operando\u201d, disse o prefeito no \u00e1udio gravado pelo jornal. O prefeito tamb\u00e9m ofereceu ajuda a pastores com problema no pagamento do IPTU.<\/p>\n<p>\u201cIgreja n\u00e3o pode pagar IPTU, nem em caso de sal\u00e3o alugado. Mas, se voc\u00ea n\u00e3o falar com o doutor Milton, esse processo pode demorar e demorar. N\u00f3s temos que aproveitar que Deus nos deu a oportunidade de estar na Prefeitura para esses processos andarem. Temos que dar um fim nisso\u201d, disse.<\/p>\n<p>Em nota, a Prefeitura do Rio disse que a reuni\u00e3o citada \u201cteve como objetivo prestar contas e divulgar servi\u00e7os importantes para a sociedade, entre eles o mutir\u00e3o de cirurgias de catarata e o programa sem varizes\u201d. \u201cDesde o in\u00edcio de sua gest\u00e3o, o prefeito Marcelo Crivella j\u00e1 recebeu os mais diversos representantes da sociedade civil, para tratar dos mais variados assuntos, tanto em seu gabinete quanto no Pal\u00e1cio da Cidade\u201d, informou a prefeitura, por meio de nota.<\/p>\n<p><strong>CARIRI EM A\u00c7\u00c3O<\/strong><\/p>\n<p>Com Estad\u00e3o\/Foto: Reprodu\u00e7\u00e3o Internet<\/p>\n<p>Leia mais not\u00edcias em\u00a0<a href=\"http:\/\/www.caririemacao.com\/\">caririemacao.com<\/a>, siga nossa p\u00e1gina no\u00a0<a href=\"https:\/\/www.facebook.com\/CaririEmAcao\/?ref=aymt_homepage_panel\">Facebook<\/a>,\u00a0<a href=\"https:\/\/www.instagram.com\/cariri_em_acao\/?hl=pt-br\">Instagram<\/a>\u00a0e <a href=\"https:\/\/www.youtube.com\/channel\/UCAptA0jQuYQy8vMhLt2m4qg\">Youtube<\/a>\u00a0e veja nossas mat\u00e9rias, v\u00eddeos e fotos. Voc\u00ea tamb\u00e9m pode enviar informa\u00e7\u00f5es \u00e0 Reda\u00e7\u00e3o do Portal Cariri em A\u00e7\u00e3o pelo WhatsApp (83) 9 9634.5791, (83) 9 9601-1162.<\/p>\n","protected":false},"excerpt":{"rendered":"<p>O Minist\u00e9rio P\u00fablico do Rio vai investigar o evento promovido pelo prefeito do Rio,\u00a0Marcelo Crivella (PRB), no Pal\u00e1cio da Cidade, sede da Prefeitura, em que&hellip; <\/p>\n","protected":false},"author":1,"featured_media":56530,"comment_status":"closed","ping_status":"closed","sticky":false,"template":"","format":"standard","meta":{"sfsi_plus_gutenberg_text_before_share":"","sfsi_plus_gutenberg_show_text_before_share":"","sfsi_plus_gutenberg_icon_type":"","sfsi_plus_gutenberg_icon_alignemt":"","sfsi_plus_gutenburg_max_per_row":"","footnotes":""},"categories":[11],"tags":[],"class_list":["post-56529","post","type-post","status-publish","format-standard","has-post-thumbnail","hentry","category-politica"],"_links":{"self":[{"href":"https:\/\/www.caririemacao.com\/1\/wp-json\/wp\/v2\/posts\/56529","targetHints":{"allow":["GET"]}}],"collection":[{"href":"https:\/\/www.caririemacao.com\/1\/wp-json\/wp\/v2\/posts"}],"about":[{"href":"https:\/\/www.caririemacao.com\/1\/wp-json\/wp\/v2\/types\/post"}],"author":[{"embeddable":true,"href":"https:\/\/www.caririemacao.com\/1\/wp-json\/wp\/v2\/users\/1"}],"replies":[{"embeddable":true,"href":"https:\/\/www.caririemacao.com\/1\/wp-json\/wp\/v2\/comments?post=56529"}],"version-history":[{"count":1,"href":"https:\/\/www.caririemacao.com\/1\/wp-json\/wp\/v2\/posts\/56529\/revisions"}],"predecessor-version":[{"id":56531,"href":"https:\/\/www.caririemacao.com\/1\/wp-json\/wp\/v2\/posts\/56529\/revisions\/56531"}],"wp:featuredmedia":[{"embeddable":true,"href":"https:\/\/www.caririemacao.com\/1\/wp-json\/wp\/v2\/media\/56530"}],"wp:attachment":[{"href":"https:\/\/www.caririemacao.com\/1\/wp-json\/wp\/v2\/media?parent=56529"}],"wp:term":[{"taxonomy":"category","embeddable":true,"href":"https:\/\/www.caririemacao.com\/1\/wp-json\/wp\/v2\/categories?post=56529"},{"taxonomy":"post_tag","embeddable":true,"href":"https:\/\/www.caririemacao.com\/1\/wp-json\/wp\/v2\/tags?post=56529"}],"curies":[{"name":"wp","href":"https:\/\/api.w.org\/{rel}","templated":true}]}}